{"id":87049,"date":"2023-11-22T11:39:31","date_gmt":"2023-11-22T14:39:31","guid":{"rendered":"https:\/\/portalmovil.com.ar\/?p=87049"},"modified":"2023-11-22T11:39:33","modified_gmt":"2023-11-22T14:39:33","slug":"yacyreta-informo-el-fin-de-la-alerta-hidrologica","status":"publish","type":"post","link":"https:\/\/portalmovil.com.ar\/index.php\/2023\/11\/22\/yacyreta-informo-el-fin-de-la-alerta-hidrologica\/","title":{"rendered":"Yacyret\u00e1 inform\u00f3 el fin de la alerta hidrol\u00f3gica"},"content":{"rendered":"\n<p>La Entidad Binacional Yacyret\u00e1 comunic\u00f3 el cese de la alerta hidrol\u00f3gica para las localidades que se encuentran sobre el r\u00edo Paran\u00e1. Anunciaron tambi\u00e9n una merma en el caudal afluente. En Entre R\u00edos sigue creciendo.<\/p>\n\n\n\n<p>Para las pr\u00f3ximas 48 horas \u201cno se prev\u00e9n precipitaciones de significancia sobre la cuenca de aporte directo al embalse y a las regiones adyacentes\u201d, informaron desde la represa.<\/p>\n\n\n\n<p>El comunicado expresa que \u201clos caudales afluentes a Yacyret\u00e1 estar\u00e1n acordes a la operaci\u00f3n de las centrales hidroel\u00e9ctricas aguas arriba y a la localizaci\u00f3n de las precipitaciones pronosticadas sobre su cuenca de aporte\u201d.<\/p>\n\n\n\n<p>Adem\u00e1s se registra un descenso gradual en los niveles del r\u00edo Paran\u00e1 en Corrientes. Mientras tanto, en Entre R\u00edos sigue creciendo: en La Paz est\u00e1 a 4,79, es decir a un cent\u00edmetro del nivel de alerta, mientras que, en la capital entrerriana, en las \u00faltimas horas ascendi\u00f3 tres cent\u00edmetros: est\u00e1 a 4,35 metros, es decir, 35 cent\u00edmetros por debajo del nivel de alerta.<\/p>\n\n\n\n<p>Yacyret\u00e1 inform\u00f3 que, igualmente, \u201cpersiste la posibilidad en el medio plazo, de eventos hidrometeorol\u00f3gicos con montos acumulados que pueden variar la tendencia\u201d.<\/p>\n","protected":false},"excerpt":{"rendered":"<p>La Entidad Binacional Yacyret\u00e1 comunic\u00f3 el cese de la alerta hidrol\u00f3gica para las localidades que se encuentran sobre el r\u00edo Paran\u00e1. Anunciaron tambi\u00e9n una merma en el caudal afluente. En Entre R\u00edos sigue creciendo. Para las pr\u00f3ximas 48 horas \u201cno se prev\u00e9n precipitaciones de significancia sobre la cuenca de aporte directo al embalse y a &hellip;<\/p>\n","protected":false},"author":2,"featured_media":87050,"comment_status":"open","ping_status":"open","sticky":false,"template":"","format":"standard","meta":{"_jetpack_memberships_contains_paid_content":false,"footnotes":"","jetpack_publicize_message":"","jetpack_publicize_feature_enabled":true,"jetpack_social_post_already_shared":true,"jetpack_social_options":{"image_generator_settings":{"template":"highway","default_image_id":0,"font":"","enabled":false},"version":2}},"categories":[28,639],"tags":[],"class_list":["post-87049","post","type-post","status-publish","format-standard","has-post-thumbnail","hentry","category-actualidad","category-argentina"],"jetpack_publicize_connections":[],"jetpack_featured_media_url":"https:\/\/portalmovil.com.ar\/wp-content\/uploads\/2023\/11\/DT7Mg72X4AIdhPf.jpg","jetpack_sharing_enabled":true,"amp_enabled":true,"_links":{"self":[{"href":"https:\/\/portalmovil.com.ar\/index.php\/wp-json\/wp\/v2\/posts\/87049","targetHints":{"allow":["GET"]}}],"collection":[{"href":"https:\/\/portalmovil.com.ar\/index.php\/wp-json\/wp\/v2\/posts"}],"about":[{"href":"https:\/\/portalmovil.com.ar\/index.php\/wp-json\/wp\/v2\/types\/post"}],"author":[{"embeddable":true,"href":"https:\/\/portalmovil.com.ar\/index.php\/wp-json\/wp\/v2\/users\/2"}],"replies":[{"embeddable":true,"href":"https:\/\/portalmovil.com.ar\/index.php\/wp-json\/wp\/v2\/comments?post=87049"}],"version-history":[{"count":1,"href":"https:\/\/portalmovil.com.ar\/index.php\/wp-json\/wp\/v2\/posts\/87049\/revisions"}],"predecessor-version":[{"id":87052,"href":"https:\/\/portalmovil.com.ar\/index.php\/wp-json\/wp\/v2\/posts\/87049\/revisions\/87052"}],"wp:featuredmedia":[{"embeddable":true,"href":"https:\/\/portalmovil.com.ar\/index.php\/wp-json\/wp\/v2\/media\/87050"}],"wp:attachment":[{"href":"https:\/\/portalmovil.com.ar\/index.php\/wp-json\/wp\/v2\/media?parent=87049"}],"wp:term":[{"taxonomy":"category","embeddable":true,"href":"https:\/\/portalmovil.com.ar\/index.php\/wp-json\/wp\/v2\/categories?post=87049"},{"taxonomy":"post_tag","embeddable":true,"href":"https:\/\/portalmovil.com.ar\/index.php\/wp-json\/wp\/v2\/tags?post=87049"}],"curies":[{"name":"wp","href":"https:\/\/api.w.org\/{rel}","templated":true}]}}