{"id":8702,"date":"2020-07-05T00:07:36","date_gmt":"2020-07-05T03:07:36","guid":{"rendered":"http:\/\/portalmovil.com.ar\/?p=8702"},"modified":"2020-07-05T00:07:47","modified_gmt":"2020-07-05T03:07:47","slug":"provincia-y-nacion-intensifican-tareas-para-detectar-aislar-y-cuidar","status":"publish","type":"post","link":"https:\/\/portalmovil.com.ar\/index.php\/2020\/07\/05\/provincia-y-nacion-intensifican-tareas-para-detectar-aislar-y-cuidar\/","title":{"rendered":"Provincia y Naci\u00f3n intensifican tareas para detectar, aislar y cuidar"},"content":{"rendered":"\n<p>En la ma\u00f1ana del s\u00e1bado, la provincia recibi\u00f3 nuevamente a una comitiva del Ministerio de Salud de la Naci\u00f3n, que estuvo encabezada por la secretaria de Acceso a la Salud, Carla Vizzotti, y por los integrantes del Comit\u00e9 de Especialistas, Gustavo Lopardo y Javier Farina. El gobernador Jorge Capitanich y la ministra de Salud, Paola Ben\u00edtez, compartieron las estrategias que implementa la provincia.<\/p>\n\n\n\n<p>Adem\u00e1s de reforzar el trabajo conjunto, el Ministerio de Salud de la Naci\u00f3n hizo entrega al Hospital Perrando de los primeros 50 tratamientos de Remdesivir, medicamentos que son utilizados en pacientes con coronavirus, en un estudio coordinado por la Organizaci\u00f3n Mundial de la Salud (OMS). Se trata de una prueba que lleva el nombre de \u201cSolidaridad\u201d, que se encuentran realizando en diferentes pa\u00edses del mundo, y en Argentina fueron elegidos 10 hospitales para participar, de los cuales el centro de referencia del Chaco es uno y fue el primero en recibirlo.<\/p>\n\n\n\n<p>En un intercambio ideas, desde Naci\u00f3n reforzaron la importancia de la comunicaci\u00f3n como eje fundamental en la implementaci\u00f3n de las medidas que propiciar\u00e1n la prevenci\u00f3n y el cuidado de toda la poblaci\u00f3n. En este contexto, el gobernador Capitanich explic\u00f3 que la estrategia central que implementa la provincia es la de \u201cdetectar, aislar y cuidar\u201d, que consiste en todas las acciones articuladas para la prevenci\u00f3n, el aislamiento para evitar m\u00e1s contagios y el cuidado en los centros hospitalarios de los pacientes hasta la obtenci\u00f3n del alta.<\/p>\n\n\n\n<p>La ministra de Salud Paola Ben\u00edtez dijo que el apoyo y el trabajo coordinado que se desarrolla con Naci\u00f3n es \u201cdigno de destacar\u201d, y que si algo puso en evidencia la pandemia \u201ces el camino a la unidad para poder salir adelante entre todos\u201d.<\/p>\n\n\n\n<p>Por su parte, Vizzotti se\u00f1al\u00f3 que \u201cla visita corresponde a un trabajo conjunto y a un seguimiento y balance y los pr\u00f3ximos pasos para fortalecer lo que viene\u201d. \u201cHemos visto un importante avance en laboratorios, circuitos de aislamiento y la pr\u00f3xima etapa tiene como desaf\u00edo implementar intensivamente y disminuir los contagios\u201d, manifest\u00f3.<\/p>\n\n\n\n<p>\u201cCuando se analiza la situaci\u00f3n epidemiol\u00f3gica, es importante mirar el todo, teniendo en cuenta que Argentina es uno de los pa\u00edses con menor incidencia y mortalidad, y tanto en el pa\u00eds como en el Chaco, todo lo que se hizo minimiz\u00f3 el impacto. El trabajo realizado en los barrios tuvo una respuesta por parte de la comunidad y se logr\u00f3 controlar una situaci\u00f3n que en un principio parec\u00eda muy dif\u00edcil\u201d, remarc\u00f3 la funcionaria nacional.<\/p>\n\n\n\n<h3 class=\"wp-block-heading\"><strong>Todas las personas son s\u00edntomas respiratorios deben consultar<\/strong><\/h3>\n\n\n\n<p>Javier Farina, integrante del Comit\u00e9 de Expertos que trabaja con el equipo del Ministerio de Salud de la Naci\u00f3n, se\u00f1al\u00f3 que es muy importante comunicar a todas las personas que tengan s\u00edntomas respiratorios, que consulten, ya que por m\u00e1s que pueda ser leve o tengan solo un poco de tos, pueden tener coronavirus y contagiar a un conviviente, a un familiar o a un vecino. \u201cEs importante hacerse el testeo, identificar si tengo coronavirus y de esa manera cuidar a la comunidad para cuidarnos todos\u201d, recalc\u00f3.<\/p>\n\n\n\n<p>\u201cEstuvimos hoy con los profesionales del hospital Perrando, charlando con ellos, intercambiando experiencias. Esta situaci\u00f3n de contagios no solo se vio en Chaco, sino en todo el pa\u00eds y en todo el mundo. Lo importante ac\u00e1 es no ir a trabajar con s\u00edntomas. Esto no se frena \u00fanicamente con medidas gubernamentales, sino que esto se frena con conciencia social. Que cada uno sepa que si tiene s\u00edntomas, tiene que testearse, consultar y si soy un caso sospechoso o positivo, debo aislarme para cuidar a mi familia\u201d, concluy\u00f3 el especialista.<\/p>\n","protected":false},"excerpt":{"rendered":"<p>En la ma\u00f1ana del s\u00e1bado, la provincia recibi\u00f3 nuevamente a una comitiva del Ministerio de Salud de la Naci\u00f3n, que estuvo encabezada por la secretaria de Acceso a la Salud, Carla Vizzotti, y por los integrantes del Comit\u00e9 de Especialistas, Gustavo Lopardo y Javier Farina. El gobernador Jorge Capitanich y la ministra de Salud, Paola &hellip;<\/p>\n","protected":false},"author":2,"featured_media":8703,"comment_status":"open","ping_status":"open","sticky":false,"template":"","format":"standard","meta":{"_jetpack_memberships_contains_paid_content":false,"footnotes":"","jetpack_publicize_message":"","jetpack_publicize_feature_enabled":true,"jetpack_social_post_already_shared":true,"jetpack_social_options":{"image_generator_settings":{"template":"highway","default_image_id":0,"font":"","enabled":false},"version":2}},"categories":[5,46,12],"tags":[],"class_list":["post-8702","post","type-post","status-publish","format-standard","has-post-thumbnail","hentry","category-chaco","category-salud","category-ultimo"],"jetpack_publicize_connections":[],"jetpack_featured_media_url":"https:\/\/portalmovil.com.ar\/wp-content\/uploads\/2020\/07\/6cbb8535-a04c-4e59-a0b4-93e27abc9a7b.jpg","jetpack_sharing_enabled":true,"amp_enabled":true,"_links":{"self":[{"href":"https:\/\/portalmovil.com.ar\/index.php\/wp-json\/wp\/v2\/posts\/8702","targetHints":{"allow":["GET"]}}],"collection":[{"href":"https:\/\/portalmovil.com.ar\/index.php\/wp-json\/wp\/v2\/posts"}],"about":[{"href":"https:\/\/portalmovil.com.ar\/index.php\/wp-json\/wp\/v2\/types\/post"}],"author":[{"embeddable":true,"href":"https:\/\/portalmovil.com.ar\/index.php\/wp-json\/wp\/v2\/users\/2"}],"replies":[{"embeddable":true,"href":"https:\/\/portalmovil.com.ar\/index.php\/wp-json\/wp\/v2\/comments?post=8702"}],"version-history":[{"count":1,"href":"https:\/\/portalmovil.com.ar\/index.php\/wp-json\/wp\/v2\/posts\/8702\/revisions"}],"predecessor-version":[{"id":8704,"href":"https:\/\/portalmovil.com.ar\/index.php\/wp-json\/wp\/v2\/posts\/8702\/revisions\/8704"}],"wp:featuredmedia":[{"embeddable":true,"href":"https:\/\/portalmovil.com.ar\/index.php\/wp-json\/wp\/v2\/media\/8703"}],"wp:attachment":[{"href":"https:\/\/portalmovil.com.ar\/index.php\/wp-json\/wp\/v2\/media?parent=8702"}],"wp:term":[{"taxonomy":"category","embeddable":true,"href":"https:\/\/portalmovil.com.ar\/index.php\/wp-json\/wp\/v2\/categories?post=8702"},{"taxonomy":"post_tag","embeddable":true,"href":"https:\/\/portalmovil.com.ar\/index.php\/wp-json\/wp\/v2\/tags?post=8702"}],"curies":[{"name":"wp","href":"https:\/\/api.w.org\/{rel}","templated":true}]}}