{"id":86791,"date":"2023-11-17T01:43:00","date_gmt":"2023-11-17T04:43:00","guid":{"rendered":"https:\/\/portalmovil.com.ar\/?p=86791"},"modified":"2023-11-17T11:51:27","modified_gmt":"2023-11-17T14:51:27","slug":"balotaje-presidencial-cuales-son-las-boletas-validas-para-este-domingo","status":"publish","type":"post","link":"https:\/\/portalmovil.com.ar\/index.php\/2023\/11\/17\/balotaje-presidencial-cuales-son-las-boletas-validas-para-este-domingo\/","title":{"rendered":"Balotaje presidencial: cu\u00e1les son las boletas v\u00e1lidas para este domingo"},"content":{"rendered":"\n<p>Este domingo 19 de noviembre se realizar\u00e1 la segunda vuelta presidencial que definir\u00e1 al futuro mandatario nacional de nuestro pa\u00eds. En el cuarto oscuro, los ciudadanos tendr\u00e1n para elegir entre dos opciones:&nbsp;<strong>Uni\u00f3n por la Patria<\/strong>, binomio conformado por&nbsp;<strong>Sergio Massa y Agust\u00edn Rossi<\/strong>, y&nbsp;<strong>La Libertad Avanza<\/strong>, f\u00f3rmula compuesta por&nbsp;<strong>Javier Milei y Victoria Villarruel.&nbsp;<\/strong><\/p>\n\n\n\n<p>En las \u00faltimas horas comenzaron a surgir&nbsp;<strong>varias dudas<\/strong>&nbsp;en los electores sobre&nbsp;<strong>qu\u00e9 boletas eran v\u00e1lidas<\/strong>&nbsp;para los comicios presidenciales de este domingo y c\u00f3mo evitar que te impugnen el voto.<\/p>\n\n\n\n<p>En ese sentido, la&nbsp;<strong>C\u00e1mara Nacional Electoral<\/strong>&nbsp;inform\u00f3 a los fiscales y votantes que \u00ab<strong>deber\u00e1n considerarse como boletas v\u00e1lidas\u00bb<\/strong>&nbsp;aquellas \u00ab<strong>que fueran oficializadas para los comicios del 22 de octubre de 2023, en la categor\u00eda de Candidatos a Presidente y Vicepresidente de la Naci\u00f3n<\/strong>\u00ab.<\/p>\n\n\n\n<p>De esa manera, las boletas que ser\u00e1n consideradas como v\u00e1lidas en los guarismos presidenciales: &nbsp;<\/p>\n\n\n\n<p>-Las boletas oficializadas para los comicios del 22 de octubre de 2023, en la categor\u00eda de candidatos a Presidente y Vicepresidente de la Naci\u00f3n.<\/p>\n\n\n\n<p>-Las que respeten el dise\u00f1o de las boletas utilizadas en las elecciones generales e incluyan la fecha 19 de noviembre de 2023 en reemplazo de la fecha de la primera vuelta (22 de octubre de 2023), sin otra modificaci\u00f3n.<\/p>\n\n\n\n<h2 class=\"wp-block-heading\">LAS BOLETAS EXPUESTAS EN LA P\u00c1GINA DE LA C\u00c1MARA NACIONAL ELECTORAL<\/h2>\n\n\n\n<p><strong>UNI\u00d3N POR LA PATRIA<\/strong>&nbsp;<\/p>\n\n\n\n<figure class=\"wp-block-image\"><img decoding=\"async\" src=\"https:\/\/www.diariochaco.com\/content\/bucket\/6\/590096w790h1232c.jpg.webp\" alt=\"\"\/><figcaption class=\"wp-element-caption\">Boleta de Uni\u00f3n por la Patria<\/figcaption><\/figure>\n\n\n\n<p><strong>Candidato a Presidente<\/strong>: Sergio Massa<\/p>\n\n\n\n<p><strong>Candidato a Vicepresidente<\/strong>: Agust\u00edn Rossi<\/p>\n\n\n\n<p><strong>LA LIBERTAD AVANZA<\/strong>&nbsp;<\/p>\n\n\n\n<figure class=\"wp-block-image\"><img decoding=\"async\" src=\"https:\/\/www.diariochaco.com\/content\/bucket\/5\/590095w790h1257c.jpg.webp\" alt=\"\"\/><figcaption class=\"wp-element-caption\">Boleta de La Libertad Avanza.<\/figcaption><\/figure>\n\n\n\n<p><strong>Candidato a Presidente<\/strong>: Javier Milei<\/p>\n\n\n\n<p><strong>Candidato a Vicepresidente<\/strong>: Victoria Villarruel<\/p>\n","protected":false},"excerpt":{"rendered":"<p>Este domingo 19 de noviembre se realizar\u00e1 la segunda vuelta presidencial que definir\u00e1 al futuro mandatario nacional de nuestro pa\u00eds. En el cuarto oscuro, los ciudadanos tendr\u00e1n para elegir entre dos opciones:&nbsp;Uni\u00f3n por la Patria, binomio conformado por&nbsp;Sergio Massa y Agust\u00edn Rossi, y&nbsp;La Libertad Avanza, f\u00f3rmula compuesta por&nbsp;Javier Milei y Victoria Villarruel.&nbsp; En las \u00faltimas &hellip;<\/p>\n","protected":false},"author":2,"featured_media":86792,"comment_status":"open","ping_status":"open","sticky":false,"template":"","format":"standard","meta":{"_jetpack_memberships_contains_paid_content":false,"footnotes":"","jetpack_publicize_message":"","jetpack_publicize_feature_enabled":true,"jetpack_social_post_already_shared":true,"jetpack_social_options":{"image_generator_settings":{"template":"highway","default_image_id":0,"font":"","enabled":false},"version":2}},"categories":[639,14,12],"tags":[],"class_list":["post-86791","post","type-post","status-publish","format-standard","has-post-thumbnail","hentry","category-argentina","category-politica","category-ultimo"],"jetpack_publicize_connections":[],"jetpack_featured_media_url":"https:\/\/portalmovil.com.ar\/wp-content\/uploads\/2023\/11\/590094w850h555c.jpg.webp","jetpack_sharing_enabled":true,"amp_enabled":true,"_links":{"self":[{"href":"https:\/\/portalmovil.com.ar\/index.php\/wp-json\/wp\/v2\/posts\/86791","targetHints":{"allow":["GET"]}}],"collection":[{"href":"https:\/\/portalmovil.com.ar\/index.php\/wp-json\/wp\/v2\/posts"}],"about":[{"href":"https:\/\/portalmovil.com.ar\/index.php\/wp-json\/wp\/v2\/types\/post"}],"author":[{"embeddable":true,"href":"https:\/\/portalmovil.com.ar\/index.php\/wp-json\/wp\/v2\/users\/2"}],"replies":[{"embeddable":true,"href":"https:\/\/portalmovil.com.ar\/index.php\/wp-json\/wp\/v2\/comments?post=86791"}],"version-history":[{"count":1,"href":"https:\/\/portalmovil.com.ar\/index.php\/wp-json\/wp\/v2\/posts\/86791\/revisions"}],"predecessor-version":[{"id":86793,"href":"https:\/\/portalmovil.com.ar\/index.php\/wp-json\/wp\/v2\/posts\/86791\/revisions\/86793"}],"wp:featuredmedia":[{"embeddable":true,"href":"https:\/\/portalmovil.com.ar\/index.php\/wp-json\/wp\/v2\/media\/86792"}],"wp:attachment":[{"href":"https:\/\/portalmovil.com.ar\/index.php\/wp-json\/wp\/v2\/media?parent=86791"}],"wp:term":[{"taxonomy":"category","embeddable":true,"href":"https:\/\/portalmovil.com.ar\/index.php\/wp-json\/wp\/v2\/categories?post=86791"},{"taxonomy":"post_tag","embeddable":true,"href":"https:\/\/portalmovil.com.ar\/index.php\/wp-json\/wp\/v2\/tags?post=86791"}],"curies":[{"name":"wp","href":"https:\/\/api.w.org\/{rel}","templated":true}]}}