{"id":86724,"date":"2023-11-16T10:50:48","date_gmt":"2023-11-16T13:50:48","guid":{"rendered":"https:\/\/portalmovil.com.ar\/?p=86724"},"modified":"2023-11-16T10:50:51","modified_gmt":"2023-11-16T13:50:51","slug":"las-pensiones-de-ex-combatientes-de-malvinas-podran-ser-heredadas-por-sus-familias","status":"publish","type":"post","link":"https:\/\/portalmovil.com.ar\/index.php\/2023\/11\/16\/las-pensiones-de-ex-combatientes-de-malvinas-podran-ser-heredadas-por-sus-familias\/","title":{"rendered":"Las pensiones de ex combatientes de Malvinas podr\u00e1n ser heredadas por sus familias"},"content":{"rendered":"\n<p>Como parte de la pol\u00edtica de reivindicaci\u00f3n de la soberan\u00eda argentina sobre las Islas Malvinas y el reconocimiento a los ex combatientes, el Gobierno Nacional declar\u00f3 como \u00ableg\u00edtimos herederos\u00bb a sus hijos y convivientes, para que puedan percibir las pensiones dispuestas por ley.<\/p>\n\n\n\n<p>La medida fue anunciada por Sergio Massa, quien encabez\u00f3 un acto en el Puerto de Buenos Aires, donde se dio inicio a la campa\u00f1a ant\u00e1rtica para el per\u00edodo 2023\/2024, con el comienzo de la carga de abastecimiento del buque rompehielos Almirante Irizar. Antes de iniciar la ceremonia, hubo un minuto de silencio en homenaje a las v\u00edctimas del ARA San Juan.<\/p>\n\n\n\n<p>\u00abEn el d\u00eda de ayer hemos firmado el decreto que hace leg\u00edtimos hereditarios a los hijos y convivientes de aquellos que combatieron en Malvinas para garantizar no solamente honrar su memoria, sino que el derecho ganado en combate sea respetado en t\u00e9rminos hereditarios para todas las familias de los h\u00e9roes de Malvinas\u00bb, manifest\u00f3 el candidato presidencial de Uni\u00f3n por la Patria.<\/p>\n\n\n\n<p>La medida se oficializar\u00e1 este jueves a trav\u00e9s del Decreto de Necesidad y Urgencia (DNU) 529\/2023, con la r\u00fabrica del presidente Alberto Fern\u00e1ndez y sus ministros. Tres de ellos estuvieron presentes en el acto en el que se realiz\u00f3 el anuncio: Jorge Taiana (Defensa); Carla Vizzotti (Salud); y Daniel Filmus (Ciencia y Tecnolog\u00eda).<\/p>\n\n\n\n<p>En la misma se dispone \u00abque a los derechohabientes de los veteranos de guerra del Atl\u00e1ntico Sur beneficiarios de las pensiones instituidas por la Ley N\u00ba 23.848, su modificatoria N\u00ba 24.652 y su complementaria N\u00ba 24.892-, enunciados en el inciso e) del art\u00edculo 53 de la Ley N\u00ba 24.241, sus modificatorias y complementarias, no les regir\u00e1 la limitaci\u00f3n de edad contemplada en dicho inciso, resultando asimismo indiferente su estado civil a los fines de establecer su condici\u00f3n\u00bb.<\/p>\n\n\n\n<p>En ese marco, se\u00f1ala que \u00aba tal fin, y solo a falta de viuda, viudo o conviviente con derecho a ellas y de otros hijos u otras hijas menores o con discapacidad, a partir de los dieciocho (18) a\u00f1os, los hijos y las hijas del causante participar\u00e1n en la percepci\u00f3n del beneficio de la mencionada Pensi\u00f3n Honor\u00edfica de Veteranos de la Guerra del Atl\u00e1ntico Sur, de conformidad con el art\u00edculo 7\u00b0 del Decreto N\u00b0 1357 del 5 de octubre de 2004\u00bb.<\/p>\n","protected":false},"excerpt":{"rendered":"<p>La medida fue anunciada por Sergio Massa.<\/p>\n","protected":false},"author":6,"featured_media":86725,"comment_status":"open","ping_status":"open","sticky":false,"template":"","format":"standard","meta":{"_jetpack_memberships_contains_paid_content":false,"footnotes":"","jetpack_publicize_message":"","jetpack_publicize_feature_enabled":true,"jetpack_social_post_already_shared":true,"jetpack_social_options":{"image_generator_settings":{"template":"highway","default_image_id":0,"font":"","enabled":false},"version":2}},"categories":[639],"tags":[],"class_list":["post-86724","post","type-post","status-publish","format-standard","has-post-thumbnail","hentry","category-argentina"],"jetpack_publicize_connections":[],"jetpack_featured_media_url":"https:\/\/portalmovil.com.ar\/wp-content\/uploads\/2023\/11\/Malvinas.webp","jetpack_sharing_enabled":true,"amp_enabled":true,"_links":{"self":[{"href":"https:\/\/portalmovil.com.ar\/index.php\/wp-json\/wp\/v2\/posts\/86724","targetHints":{"allow":["GET"]}}],"collection":[{"href":"https:\/\/portalmovil.com.ar\/index.php\/wp-json\/wp\/v2\/posts"}],"about":[{"href":"https:\/\/portalmovil.com.ar\/index.php\/wp-json\/wp\/v2\/types\/post"}],"author":[{"embeddable":true,"href":"https:\/\/portalmovil.com.ar\/index.php\/wp-json\/wp\/v2\/users\/6"}],"replies":[{"embeddable":true,"href":"https:\/\/portalmovil.com.ar\/index.php\/wp-json\/wp\/v2\/comments?post=86724"}],"version-history":[{"count":1,"href":"https:\/\/portalmovil.com.ar\/index.php\/wp-json\/wp\/v2\/posts\/86724\/revisions"}],"predecessor-version":[{"id":86726,"href":"https:\/\/portalmovil.com.ar\/index.php\/wp-json\/wp\/v2\/posts\/86724\/revisions\/86726"}],"wp:featuredmedia":[{"embeddable":true,"href":"https:\/\/portalmovil.com.ar\/index.php\/wp-json\/wp\/v2\/media\/86725"}],"wp:attachment":[{"href":"https:\/\/portalmovil.com.ar\/index.php\/wp-json\/wp\/v2\/media?parent=86724"}],"wp:term":[{"taxonomy":"category","embeddable":true,"href":"https:\/\/portalmovil.com.ar\/index.php\/wp-json\/wp\/v2\/categories?post=86724"},{"taxonomy":"post_tag","embeddable":true,"href":"https:\/\/portalmovil.com.ar\/index.php\/wp-json\/wp\/v2\/tags?post=86724"}],"curies":[{"name":"wp","href":"https:\/\/api.w.org\/{rel}","templated":true}]}}