{"id":86404,"date":"2023-11-10T11:17:56","date_gmt":"2023-11-10T14:17:56","guid":{"rendered":"https:\/\/portalmovil.com.ar\/?p=86404"},"modified":"2023-11-10T11:17:59","modified_gmt":"2023-11-10T14:17:59","slug":"delincuentes-en-fuga-atropellaron-y-mataron-a-una-mujer-en-silla-de-ruedas","status":"publish","type":"post","link":"https:\/\/portalmovil.com.ar\/index.php\/2023\/11\/10\/delincuentes-en-fuga-atropellaron-y-mataron-a-una-mujer-en-silla-de-ruedas\/","title":{"rendered":"Delincuentes en fuga atropellaron y mataron a una mujer en silla de ruedas"},"content":{"rendered":"\n<p>Tres delincuentes atropellaron y mataron a una mujer en silla de ruedas cuando escapaban de la Polic\u00eda en la localidad bonaerense de Isidro Casanova. Hab\u00edan cometido un robo a mano a armada a pocas cuadras.<\/p>\n\n\n\n<p>El hecho ocurri\u00f3 en la esquina Germ\u00e1n Abdala y Perdriel, en el barrio San Alberto de dicha localidad del partido de La Matanza. La v\u00edctima fue identificada como Mar\u00eda Paz Nom, de 67 a\u00f1os.<\/p>\n\n\n\n<p>\u201cNo me quiero imaginar ese momento, qu\u00e9 se le habr\u00e1 cruzado a ella por la cabeza al no poder hacer nada. Injustamente ahora ya no est\u00e1\u201d, expres\u00f3 Carlos, uno de los tres hijos de la v\u00edctima.<\/p>\n\n\n\n<p>Y agreg\u00f3: \u201cYo estaba arriba en el dormitorio mirando tele y en un momento sent\u00ed un golpe fuert\u00edsimo. Me asom\u00e9 por la terraza y la vi a mi mam\u00e1. Baj\u00e9 corriendo, sal\u00ed y vi el auto\u201d.<\/p>\n\n\n\n<p>\u201cSinceramente no lo puedo creer todav\u00eda. No puedo creer en la forma, c\u00f3mo fue, no caigo, de salir y verla tirada en la vereda, con los ojitos abiertos\u201d, concluy\u00f3.<\/p>\n\n\n\n<p>Al momento del hecho, los delincuentes armados escapaban de la Polic\u00eda tras haber robado un auto Fiat Cronos de color rojo en la esquina de Alvear y Casta\u00f1\u00f3n, en el barrio San Carlos.<\/p>\n\n\n\n<p>El robo hab\u00eda sido alertado por la Polic\u00eda, que irradi\u00f3 el alerta a los patrulleros que circulaban en las inmediaciones y localizaron el auto en el cruce de Almeyra y Herrera, e inmedi\u00e1tamente se inici\u00f3 una persecuci\u00f3n.<\/p>\n\n\n\n<p>Al llegar a la esquina de Abdala y Perdriel, los ladrones perdieron el control del veh\u00edculo, se subieron a la vereda y atropellaron a Nom, que se encontraba en la puerta de su casa, en silla de ruedas. La mujer hab\u00eda sufrido un ACV sufrido hac\u00eda varios a\u00f1os.<\/p>\n\n\n\n<p>Tras el choque, dos de los delincuentes lograron bajarse del auto y escapar, mientras que un tercero sali\u00f3 rengueando y fue detenido por los polic\u00edas que se desplazaban en el patrullero.<\/p>\n\n\n\n<p>La v\u00edctima fue trasladada de forma urgente al hospital Paroissien de Isidro Casanova, donde falleci\u00f3 a los pocos minutos de haber ingresado, informaron fuentes judiciales y policiales.<\/p>\n\n\n\n<p>En tanto, el asaltante detenido, de 25 a\u00f1os, sufri\u00f3 una fractura en una de sus piernas y fue llevado con custodia al hospital Balestrini.<\/p>\n\n\n\n<p>Interviene en la causa el fiscal Mat\u00edas Folino, de la Unidad Funcional de Instrucci\u00f3n (UFI) Tem\u00e1tica de Homicidios, que calific\u00f3 legalmente la causa como \u201chomicidio en ocasi\u00f3n de robo\u201d e imparti\u00f3 una serie de medidas tendientes a localizar a los dos ladrones pr\u00f3fugos.<\/p>\n","protected":false},"excerpt":{"rendered":"<p>La mujer de 67 a\u00f1os estaba sentada en la vereda al momento del accidente.<\/p>\n","protected":false},"author":6,"featured_media":86405,"comment_status":"open","ping_status":"open","sticky":false,"template":"","format":"standard","meta":{"_jetpack_memberships_contains_paid_content":false,"footnotes":"","jetpack_publicize_message":"","jetpack_publicize_feature_enabled":true,"jetpack_social_post_already_shared":true,"jetpack_social_options":{"image_generator_settings":{"template":"highway","default_image_id":0,"font":"","enabled":false},"version":2}},"categories":[8],"tags":[],"class_list":["post-86404","post","type-post","status-publish","format-standard","has-post-thumbnail","hentry","category-policiales"],"jetpack_publicize_connections":[],"jetpack_featured_media_url":"https:\/\/portalmovil.com.ar\/wp-content\/uploads\/2023\/11\/I.-Casanova.jpg","jetpack_sharing_enabled":true,"amp_enabled":true,"_links":{"self":[{"href":"https:\/\/portalmovil.com.ar\/index.php\/wp-json\/wp\/v2\/posts\/86404","targetHints":{"allow":["GET"]}}],"collection":[{"href":"https:\/\/portalmovil.com.ar\/index.php\/wp-json\/wp\/v2\/posts"}],"about":[{"href":"https:\/\/portalmovil.com.ar\/index.php\/wp-json\/wp\/v2\/types\/post"}],"author":[{"embeddable":true,"href":"https:\/\/portalmovil.com.ar\/index.php\/wp-json\/wp\/v2\/users\/6"}],"replies":[{"embeddable":true,"href":"https:\/\/portalmovil.com.ar\/index.php\/wp-json\/wp\/v2\/comments?post=86404"}],"version-history":[{"count":2,"href":"https:\/\/portalmovil.com.ar\/index.php\/wp-json\/wp\/v2\/posts\/86404\/revisions"}],"predecessor-version":[{"id":86407,"href":"https:\/\/portalmovil.com.ar\/index.php\/wp-json\/wp\/v2\/posts\/86404\/revisions\/86407"}],"wp:featuredmedia":[{"embeddable":true,"href":"https:\/\/portalmovil.com.ar\/index.php\/wp-json\/wp\/v2\/media\/86405"}],"wp:attachment":[{"href":"https:\/\/portalmovil.com.ar\/index.php\/wp-json\/wp\/v2\/media?parent=86404"}],"wp:term":[{"taxonomy":"category","embeddable":true,"href":"https:\/\/portalmovil.com.ar\/index.php\/wp-json\/wp\/v2\/categories?post=86404"},{"taxonomy":"post_tag","embeddable":true,"href":"https:\/\/portalmovil.com.ar\/index.php\/wp-json\/wp\/v2\/tags?post=86404"}],"curies":[{"name":"wp","href":"https:\/\/api.w.org\/{rel}","templated":true}]}}