{"id":86379,"date":"2023-11-09T22:44:24","date_gmt":"2023-11-10T01:44:24","guid":{"rendered":"https:\/\/portalmovil.com.ar\/?p=86379"},"modified":"2023-11-09T22:44:26","modified_gmt":"2023-11-10T01:44:26","slug":"alerta-por-tormentas-fuertes-en-gran-parte-de-la-provincia","status":"publish","type":"post","link":"https:\/\/portalmovil.com.ar\/index.php\/2023\/11\/09\/alerta-por-tormentas-fuertes-en-gran-parte-de-la-provincia\/","title":{"rendered":"Alerta por tormentas fuertes en gran parte de la provincia"},"content":{"rendered":"\n<p>El Servicio Meteorol\u00f3gico Nacional (SMN) emiti\u00f3 una nueva&nbsp;<strong>alerta amarilla por tormentas para la noche de este jueves 9<\/strong>. Los departamentos bajo advertencia son&nbsp;<strong>Chacabuco, Comandante Fern\u00e1ndez, 12 de Octubre, 2 de Abril, Fray Justo Santa Mar\u00eda de Oro, General Belgrano, Independencia, Libertador General San Mart\u00edn, Mayor Luis Jorge Fontana, Nueve de Julio, O&#8217;Higgins, Presidencia de la Plaza, Quitilipi, San Lorenzo, Sargento Cabral, Tapenag\u00e1 y Veinticinco de Mayo.<\/strong><\/p>\n\n\n\n<p>De acuerdo a lo que indica el organismo, el \u00e1rea ser\u00e1 afectada por&nbsp;<strong>tormentas<\/strong>, algunas localmente&nbsp;<strong>fuertes o severas<\/strong>. Se espera que las mismas est\u00e9n acompa\u00f1adas por r\u00e1fagas muy fuertes, intensa actividad el\u00e9ctrica, ca\u00edda de granizo y abundante ca\u00edda de agua en cortos per\u00edodos.&nbsp;<strong>Se estiman valores de precipitaci\u00f3n acumulada entre 40 y 70 mil\u00edmetros, pudiendo ser superados de forma puntual.<\/strong><\/p>\n\n\n\n<p>Por otra parte, en la&nbsp;<strong>ma\u00f1ana del viernes 10, los departamentos Bermejo, General Donovan, Libertad, Primero de Mayo y San Fernando, continuar\u00e1n en advertencia por tormentas fuertes.<\/strong><\/p>\n\n\n\n<p>En lo que respecta a las&nbsp;<strong>temperaturas<\/strong>, las mismas se mantendr\u00e1n entre los 23\u00b0C de m\u00ednima y los 35\u00b0C de m\u00e1xima, con vientos del sector este y noreste hacia la tarde noche. La posibilidad de tormentas aisladas, de acuerdo a lo que indica el organismo, se extender\u00edan hasta el mi\u00e9rcoles 15 por la madrugada.<\/p>\n\n\n\n<h3 class=\"wp-block-heading\">L\u00edneas de comunicaci\u00f3n del Gobierno provincial<\/h3>\n\n\n\n<figure class=\"wp-block-image\"><img decoding=\"async\" src=\"http:\/\/agenciafoco.com.ar\/media\/cache\/quality\/uploads\/noticias\/654d74f50476a392285643.jpeg\" alt=\"\"\/><\/figure>\n","protected":false},"excerpt":{"rendered":"<p>El Servicio Meteorol\u00f3gico Nacional (SMN) emiti\u00f3 una nueva&nbsp;alerta amarilla por tormentas para la noche de este jueves 9. Los departamentos bajo advertencia son&nbsp;Chacabuco, Comandante Fern\u00e1ndez, 12 de Octubre, 2 de Abril, Fray Justo Santa Mar\u00eda de Oro, General Belgrano, Independencia, Libertador General San Mart\u00edn, Mayor Luis Jorge Fontana, Nueve de Julio, O&#8217;Higgins, Presidencia de la &hellip;<\/p>\n","protected":false},"author":2,"featured_media":50072,"comment_status":"open","ping_status":"open","sticky":false,"template":"","format":"standard","meta":{"_jetpack_memberships_contains_paid_content":false,"footnotes":"","jetpack_publicize_message":"","jetpack_publicize_feature_enabled":true,"jetpack_social_post_already_shared":true,"jetpack_social_options":{"image_generator_settings":{"template":"highway","default_image_id":0,"font":"","enabled":false},"version":2}},"categories":[28,5],"tags":[],"class_list":["post-86379","post","type-post","status-publish","format-standard","has-post-thumbnail","hentry","category-actualidad","category-chaco"],"jetpack_publicize_connections":[],"jetpack_featured_media_url":"https:\/\/portalmovil.com.ar\/wp-content\/uploads\/2022\/02\/240786w620h450.jpg","jetpack_sharing_enabled":true,"amp_enabled":true,"_links":{"self":[{"href":"https:\/\/portalmovil.com.ar\/index.php\/wp-json\/wp\/v2\/posts\/86379","targetHints":{"allow":["GET"]}}],"collection":[{"href":"https:\/\/portalmovil.com.ar\/index.php\/wp-json\/wp\/v2\/posts"}],"about":[{"href":"https:\/\/portalmovil.com.ar\/index.php\/wp-json\/wp\/v2\/types\/post"}],"author":[{"embeddable":true,"href":"https:\/\/portalmovil.com.ar\/index.php\/wp-json\/wp\/v2\/users\/2"}],"replies":[{"embeddable":true,"href":"https:\/\/portalmovil.com.ar\/index.php\/wp-json\/wp\/v2\/comments?post=86379"}],"version-history":[{"count":1,"href":"https:\/\/portalmovil.com.ar\/index.php\/wp-json\/wp\/v2\/posts\/86379\/revisions"}],"predecessor-version":[{"id":86380,"href":"https:\/\/portalmovil.com.ar\/index.php\/wp-json\/wp\/v2\/posts\/86379\/revisions\/86380"}],"wp:featuredmedia":[{"embeddable":true,"href":"https:\/\/portalmovil.com.ar\/index.php\/wp-json\/wp\/v2\/media\/50072"}],"wp:attachment":[{"href":"https:\/\/portalmovil.com.ar\/index.php\/wp-json\/wp\/v2\/media?parent=86379"}],"wp:term":[{"taxonomy":"category","embeddable":true,"href":"https:\/\/portalmovil.com.ar\/index.php\/wp-json\/wp\/v2\/categories?post=86379"},{"taxonomy":"post_tag","embeddable":true,"href":"https:\/\/portalmovil.com.ar\/index.php\/wp-json\/wp\/v2\/tags?post=86379"}],"curies":[{"name":"wp","href":"https:\/\/api.w.org\/{rel}","templated":true}]}}