{"id":86119,"date":"2023-11-06T08:52:46","date_gmt":"2023-11-06T11:52:46","guid":{"rendered":"https:\/\/portalmovil.com.ar\/?p=86119"},"modified":"2023-11-06T08:52:49","modified_gmt":"2023-11-06T11:52:49","slug":"un-chico-de-16-robo-a-punta-de-revolver-su-victima-se-defendio-y-lo-retuvo-hasta-su-detencion","status":"publish","type":"post","link":"https:\/\/portalmovil.com.ar\/index.php\/2023\/11\/06\/un-chico-de-16-robo-a-punta-de-revolver-su-victima-se-defendio-y-lo-retuvo-hasta-su-detencion\/","title":{"rendered":"Un chico de 16 rob\u00f3 a punta de rev\u00f3lver: su v\u00edctima se defendi\u00f3 y lo retuvo hasta su detenci\u00f3n"},"content":{"rendered":"\n<p>Esta madrugada, el personal de la Comisar\u00eda Octava recibi\u00f3 un informe del sistema 911 sobre un incidente en las calles Polic\u00eda del Territorio y Monteagudo, donde vecinos lograron detener a un joven que minutos antes hab\u00eda intentado cometer un robo.<\/p>\n\n\n\n<p>Los agentes se dirigieron al lugar del suceso y constataron que un hombre de 35 a\u00f1os ten\u00eda retenido a un menor de 16 a\u00f1os, alegando que este \u00faltimo hab\u00eda intentado robarle a punta de arma de fuego.<\/p>\n\n\n\n<p>Tras la denuncia del afectado, los agentes procedieron a llevar al menor bajo custodia y confiscaron un arma de fuego calibre 22 de la marca Pehu\u00e9n M.R. Con la intervenci\u00f3n del Juzgado de Adolescencia, Ni\u00f1ez y Familia, se orden\u00f3 que se inicien diligencias por \u00abSupuesto Robo a Mano Armada en Grado de Tentativa\u00bb.<\/p>\n","protected":false},"excerpt":{"rendered":"<p>Confiscaron un arma de fuego calibre 22.<\/p>\n","protected":false},"author":6,"featured_media":86120,"comment_status":"open","ping_status":"open","sticky":false,"template":"","format":"standard","meta":{"_jetpack_memberships_contains_paid_content":false,"footnotes":"","jetpack_publicize_message":"","jetpack_publicize_feature_enabled":true,"jetpack_social_post_already_shared":true,"jetpack_social_options":{"image_generator_settings":{"template":"highway","default_image_id":0,"font":"","enabled":false},"version":2}},"categories":[8,37],"tags":[],"class_list":["post-86119","post","type-post","status-publish","format-standard","has-post-thumbnail","hentry","category-policiales","category-resistencia"],"jetpack_publicize_connections":[],"jetpack_featured_media_url":"https:\/\/portalmovil.com.ar\/wp-content\/uploads\/2023\/11\/resistencia-.webp","jetpack_sharing_enabled":true,"amp_enabled":true,"_links":{"self":[{"href":"https:\/\/portalmovil.com.ar\/index.php\/wp-json\/wp\/v2\/posts\/86119","targetHints":{"allow":["GET"]}}],"collection":[{"href":"https:\/\/portalmovil.com.ar\/index.php\/wp-json\/wp\/v2\/posts"}],"about":[{"href":"https:\/\/portalmovil.com.ar\/index.php\/wp-json\/wp\/v2\/types\/post"}],"author":[{"embeddable":true,"href":"https:\/\/portalmovil.com.ar\/index.php\/wp-json\/wp\/v2\/users\/6"}],"replies":[{"embeddable":true,"href":"https:\/\/portalmovil.com.ar\/index.php\/wp-json\/wp\/v2\/comments?post=86119"}],"version-history":[{"count":1,"href":"https:\/\/portalmovil.com.ar\/index.php\/wp-json\/wp\/v2\/posts\/86119\/revisions"}],"predecessor-version":[{"id":86121,"href":"https:\/\/portalmovil.com.ar\/index.php\/wp-json\/wp\/v2\/posts\/86119\/revisions\/86121"}],"wp:featuredmedia":[{"embeddable":true,"href":"https:\/\/portalmovil.com.ar\/index.php\/wp-json\/wp\/v2\/media\/86120"}],"wp:attachment":[{"href":"https:\/\/portalmovil.com.ar\/index.php\/wp-json\/wp\/v2\/media?parent=86119"}],"wp:term":[{"taxonomy":"category","embeddable":true,"href":"https:\/\/portalmovil.com.ar\/index.php\/wp-json\/wp\/v2\/categories?post=86119"},{"taxonomy":"post_tag","embeddable":true,"href":"https:\/\/portalmovil.com.ar\/index.php\/wp-json\/wp\/v2\/tags?post=86119"}],"curies":[{"name":"wp","href":"https:\/\/api.w.org\/{rel}","templated":true}]}}