{"id":86098,"date":"2023-11-05T18:50:18","date_gmt":"2023-11-05T21:50:18","guid":{"rendered":"https:\/\/portalmovil.com.ar\/?p=86098"},"modified":"2023-11-05T18:50:43","modified_gmt":"2023-11-05T21:50:43","slug":"el-papa-francisco-pidio-a-israel-y-hamas-les-ruego-en-nombre-de-dios-cesen-el-fuego","status":"publish","type":"post","link":"https:\/\/portalmovil.com.ar\/index.php\/2023\/11\/05\/el-papa-francisco-pidio-a-israel-y-hamas-les-ruego-en-nombre-de-dios-cesen-el-fuego\/","title":{"rendered":"El papa Francisco pidi\u00f3 a Israel y Hamas: \u201cLes ruego en nombre de Dios, cesen el fuego\u201d"},"content":{"rendered":"\n<p>En la jornada de este domingo, el papa Francisco reiter\u00f3 su desgarrador pedido a las autoridades de Israel y de la agrupaci\u00f3n terrorista Hamas, a fin de que \u00abcesen el fuego\u00bb que ya ha dejado m\u00e1s de 10 mil muertos.<\/p>\n\n\n\n<p>Tras recitar el \u00c1ngelus ante miles de fieles reunidos en la plaza de San Pedro, el sumo pont\u00edfice volvi\u00f3 a insistir en la liberaci\u00f3n de los rehenes y en el suministro de ayuda humanitaria a los palestinos de la Franja de Gaza, donde asegur\u00f3 que la situaci\u00f3n \u00abes muy grave\u00bb.<\/p>\n\n\n\n<p>\u00abLes ruego en nombre de Dios que paren, cesen el fuego. Deseo que se estudien todas las posibilidades para evitar a toda costa que contin\u00fae el conflicto, para que podamos socorrer a los heridos, para que la ayuda pueda llegar a Gaza, donde la situaci\u00f3n humanitaria es muy grave, y para que se libere inmediatamente a los rehenes\u00bb, pidi\u00f3.<\/p>\n\n\n\n<p>Por otra parte, fuentes del Vaticano sostuvieron que el m\u00e1ximo referente de la Iglesia Cat\u00f3lica mantuvo conversaciones telef\u00f3nicas durante este domingo con el presidente de Ir\u00e1n,&nbsp;<strong>Ebrahim Raisi<\/strong>, para dialogar sobre el conflicto que sacude a Medio Oriente desde el pasado 7 de octubre.<\/p>\n\n\n\n<p>Seg\u00fan fuentes oficiales,&nbsp;<strong>m\u00e1s de 1.400 personas murieron en Israel durante el ataque inicial de Hamas<\/strong>, pero en la contraofensiva de los israel\u00edes&nbsp;<strong>m\u00e1s de 9.500 personas perdieron la vida en la Franja de Gaza<\/strong>. Al menos un tercio de ellos, son ni\u00f1os.<\/p>\n","protected":false},"excerpt":{"rendered":"<p>En la jornada de este domingo, el papa Francisco reiter\u00f3 su desgarrador pedido a las autoridades de Israel y de la agrupaci\u00f3n terrorista Hamas, a fin de que \u00abcesen el fuego\u00bb que ya ha dejado m\u00e1s de 10 mil muertos. Tras recitar el \u00c1ngelus ante miles de fieles reunidos en la plaza de San Pedro, &hellip;<\/p>\n","protected":false},"author":2,"featured_media":86099,"comment_status":"open","ping_status":"open","sticky":false,"template":"","format":"standard","meta":{"_jetpack_memberships_contains_paid_content":false,"footnotes":"","jetpack_publicize_message":"","jetpack_publicize_feature_enabled":true,"jetpack_social_post_already_shared":true,"jetpack_social_options":{"image_generator_settings":{"template":"highway","default_image_id":0,"font":"","enabled":false},"version":2}},"categories":[17,12],"tags":[],"class_list":["post-86098","post","type-post","status-publish","format-standard","has-post-thumbnail","hentry","category-mundo","category-ultimo"],"jetpack_publicize_connections":[],"jetpack_featured_media_url":"https:\/\/portalmovil.com.ar\/wp-content\/uploads\/2023\/11\/El-Papa-678x381-1.jpg","jetpack_sharing_enabled":true,"amp_enabled":true,"_links":{"self":[{"href":"https:\/\/portalmovil.com.ar\/index.php\/wp-json\/wp\/v2\/posts\/86098","targetHints":{"allow":["GET"]}}],"collection":[{"href":"https:\/\/portalmovil.com.ar\/index.php\/wp-json\/wp\/v2\/posts"}],"about":[{"href":"https:\/\/portalmovil.com.ar\/index.php\/wp-json\/wp\/v2\/types\/post"}],"author":[{"embeddable":true,"href":"https:\/\/portalmovil.com.ar\/index.php\/wp-json\/wp\/v2\/users\/2"}],"replies":[{"embeddable":true,"href":"https:\/\/portalmovil.com.ar\/index.php\/wp-json\/wp\/v2\/comments?post=86098"}],"version-history":[{"count":1,"href":"https:\/\/portalmovil.com.ar\/index.php\/wp-json\/wp\/v2\/posts\/86098\/revisions"}],"predecessor-version":[{"id":86100,"href":"https:\/\/portalmovil.com.ar\/index.php\/wp-json\/wp\/v2\/posts\/86098\/revisions\/86100"}],"wp:featuredmedia":[{"embeddable":true,"href":"https:\/\/portalmovil.com.ar\/index.php\/wp-json\/wp\/v2\/media\/86099"}],"wp:attachment":[{"href":"https:\/\/portalmovil.com.ar\/index.php\/wp-json\/wp\/v2\/media?parent=86098"}],"wp:term":[{"taxonomy":"category","embeddable":true,"href":"https:\/\/portalmovil.com.ar\/index.php\/wp-json\/wp\/v2\/categories?post=86098"},{"taxonomy":"post_tag","embeddable":true,"href":"https:\/\/portalmovil.com.ar\/index.php\/wp-json\/wp\/v2\/tags?post=86098"}],"curies":[{"name":"wp","href":"https:\/\/api.w.org\/{rel}","templated":true}]}}