{"id":86038,"date":"2023-11-03T12:26:00","date_gmt":"2023-11-03T15:26:00","guid":{"rendered":"https:\/\/portalmovil.com.ar\/?p=86038"},"modified":"2023-11-03T17:29:10","modified_gmt":"2023-11-03T20:29:10","slug":"nacion-dice-que-la-inflacion-de-octubre-llega-a-93","status":"publish","type":"post","link":"https:\/\/portalmovil.com.ar\/index.php\/2023\/11\/03\/nacion-dice-que-la-inflacion-de-octubre-llega-a-93\/","title":{"rendered":"Naci\u00f3n dice que la inflaci\u00f3n de octubre llega a 9,3%"},"content":{"rendered":"\n<p><strong>El Gobierno nacional inform\u00f3 que el \u00edndice de inflaci\u00f3n semanal fue de 2,2% entre el 23 y 29 de octubre, con un consolidado mensual del 9,3% en promedio.<\/strong><\/p>\n\n\n\n<p>Son estimaciones que realiza la Secretar\u00eda de Pol\u00edtica Econ\u00f3mica, que dirige Gabriel Rubinstein, que\u00a0<strong>atribuy\u00f3 el dato registrado a \u00abun contexto de nerviosismo pre electoral\u00bb.<\/strong><\/p>\n\n\n\n<p>Seg\u00fan el trabajo de Econom\u00eda, la inflaci\u00f3n de la \u00faltima semana de octubre estuvo impulsada por la \u00absuba de precios del tabaco y combustibles\u00bb y por \u00abaumentos recientes en productos c\u00e1rnicos\u00bb.<\/p>\n\n\n\n<p>En tanto, remarcaron que estiman que en la medici\u00f3n que difundir\u00e1n el viernes pr\u00f3ximo, con datos de la primera semana de noviembre \u00abmuestre cifras similares debido a la actualizaci\u00f3n de precios regulados\u00bb.<\/p>\n\n\n\n<p>Vale recordar que en septiembre,\u00a0<strong>tras el dato de 12,4% de inflaci\u00f3n de agosto, el Gobierno decidi\u00f3 publicar de manera semanal la evoluci\u00f3n de precios. Las mediciones no reemplazan al dato oficial de inflaci\u00f3n que difunde el INDEC de manera mensual, sino que buscan mostrar que la escalada post PASO se desacelera con el correr de las semanas<\/strong>.<\/p>\n","protected":false},"excerpt":{"rendered":"<p>El Gobierno nacional inform\u00f3 que el \u00edndice de inflaci\u00f3n semanal fue de 2,2% entre el 23 y 29 de octubre, con un consolidado mensual del 9,3% en promedio. Son estimaciones que realiza la Secretar\u00eda de Pol\u00edtica Econ\u00f3mica, que dirige Gabriel Rubinstein, que\u00a0atribuy\u00f3 el dato registrado a \u00abun contexto de nerviosismo pre electoral\u00bb. Seg\u00fan el trabajo &hellip;<\/p>\n","protected":false},"author":2,"featured_media":26728,"comment_status":"open","ping_status":"open","sticky":false,"template":"","format":"standard","meta":{"_jetpack_memberships_contains_paid_content":false,"footnotes":"","jetpack_publicize_message":"","jetpack_publicize_feature_enabled":true,"jetpack_social_post_already_shared":true,"jetpack_social_options":{"image_generator_settings":{"template":"highway","default_image_id":0,"font":"","enabled":false},"version":2}},"categories":[175,12],"tags":[],"class_list":["post-86038","post","type-post","status-publish","format-standard","has-post-thumbnail","hentry","category-economia","category-ultimo"],"jetpack_publicize_connections":[],"jetpack_featured_media_url":"https:\/\/portalmovil.com.ar\/wp-content\/uploads\/2021\/05\/la-nueva-canasta-basica-llegara-a-comercios-barriales-y-se-extendera-a-otros-rubros.jpg","jetpack_sharing_enabled":true,"amp_enabled":true,"_links":{"self":[{"href":"https:\/\/portalmovil.com.ar\/index.php\/wp-json\/wp\/v2\/posts\/86038","targetHints":{"allow":["GET"]}}],"collection":[{"href":"https:\/\/portalmovil.com.ar\/index.php\/wp-json\/wp\/v2\/posts"}],"about":[{"href":"https:\/\/portalmovil.com.ar\/index.php\/wp-json\/wp\/v2\/types\/post"}],"author":[{"embeddable":true,"href":"https:\/\/portalmovil.com.ar\/index.php\/wp-json\/wp\/v2\/users\/2"}],"replies":[{"embeddable":true,"href":"https:\/\/portalmovil.com.ar\/index.php\/wp-json\/wp\/v2\/comments?post=86038"}],"version-history":[{"count":1,"href":"https:\/\/portalmovil.com.ar\/index.php\/wp-json\/wp\/v2\/posts\/86038\/revisions"}],"predecessor-version":[{"id":86039,"href":"https:\/\/portalmovil.com.ar\/index.php\/wp-json\/wp\/v2\/posts\/86038\/revisions\/86039"}],"wp:featuredmedia":[{"embeddable":true,"href":"https:\/\/portalmovil.com.ar\/index.php\/wp-json\/wp\/v2\/media\/26728"}],"wp:attachment":[{"href":"https:\/\/portalmovil.com.ar\/index.php\/wp-json\/wp\/v2\/media?parent=86038"}],"wp:term":[{"taxonomy":"category","embeddable":true,"href":"https:\/\/portalmovil.com.ar\/index.php\/wp-json\/wp\/v2\/categories?post=86038"},{"taxonomy":"post_tag","embeddable":true,"href":"https:\/\/portalmovil.com.ar\/index.php\/wp-json\/wp\/v2\/tags?post=86038"}],"curies":[{"name":"wp","href":"https:\/\/api.w.org\/{rel}","templated":true}]}}