{"id":85933,"date":"2023-11-02T09:06:38","date_gmt":"2023-11-02T12:06:38","guid":{"rendered":"https:\/\/portalmovil.com.ar\/?p=85933"},"modified":"2023-11-02T09:06:40","modified_gmt":"2023-11-02T12:06:40","slug":"las-brenas-un-menor-fue-descubierto-mientras-vendia-cocaina-en-una-plazoleta","status":"publish","type":"post","link":"https:\/\/portalmovil.com.ar\/index.php\/2023\/11\/02\/las-brenas-un-menor-fue-descubierto-mientras-vendia-cocaina-en-una-plazoleta\/","title":{"rendered":"Las Bre\u00f1as: un menor fue descubierto mientras vend\u00eda coca\u00edna en una plazoleta"},"content":{"rendered":"\n<p>Personal policial de la Divisi\u00f3n Operaciones Drogas Charata demor\u00f3 a un joven de 17 a\u00f1os con droga, en circunstancias en que los efectivos realizaban recorridas de prevenci\u00f3n en la localidad de Las Bre\u00f1as.<\/p>\n\n\n\n<p>El hecho ocurri\u00f3 en el espacio recreativo del Instituto de Educaci\u00f3n Superior Miguel Neme cuando los agentes, que se encontraban circulando en motocicletas policiales, observan al joven hacer un pasamanos con otro sujeto y, en ese preciso momento, se percatan de la presencia policial, d\u00e1ndose a la fuga corriendo en diferentes sentidos.<\/p>\n\n\n\n<p>Los uniformados lograron atrapar al muchacho quien ten\u00eda en sus bolsillos una bolsa de nylon conteniendo 12 bochitas de coca\u00edna, que arroj\u00f3 un pesaje total de 13 gramos.<\/p>\n\n\n\n<p>Luego de poner en conocimiento al Fiscal Antidrogas 1, se procedi\u00f3 al formal secuestro de los envoltorios dando intervenci\u00f3n al Juzgado de Ni\u00f1ez, Adolescencia y Familia de Charata, previa notificaci\u00f3n de infracci\u00f3n a la Ley de Estupefacientes.<\/p>\n","protected":false},"excerpt":{"rendered":"<p>El joven de 17 a\u00f1os ten\u00eda en sus bolsillos una bolsa de nylon con12 bochitas de coca\u00edna.<\/p>\n","protected":false},"author":6,"featured_media":85934,"comment_status":"open","ping_status":"open","sticky":false,"template":"","format":"standard","meta":{"_jetpack_memberships_contains_paid_content":false,"footnotes":"","jetpack_publicize_message":"","jetpack_publicize_feature_enabled":true,"jetpack_social_post_already_shared":true,"jetpack_social_options":{"image_generator_settings":{"template":"highway","default_image_id":0,"font":"","enabled":false},"version":2}},"categories":[5,8],"tags":[],"class_list":["post-85933","post","type-post","status-publish","format-standard","has-post-thumbnail","hentry","category-chaco","category-policiales"],"jetpack_publicize_connections":[],"jetpack_featured_media_url":"https:\/\/portalmovil.com.ar\/wp-content\/uploads\/2023\/11\/las-brenas.webp","jetpack_sharing_enabled":true,"amp_enabled":true,"_links":{"self":[{"href":"https:\/\/portalmovil.com.ar\/index.php\/wp-json\/wp\/v2\/posts\/85933","targetHints":{"allow":["GET"]}}],"collection":[{"href":"https:\/\/portalmovil.com.ar\/index.php\/wp-json\/wp\/v2\/posts"}],"about":[{"href":"https:\/\/portalmovil.com.ar\/index.php\/wp-json\/wp\/v2\/types\/post"}],"author":[{"embeddable":true,"href":"https:\/\/portalmovil.com.ar\/index.php\/wp-json\/wp\/v2\/users\/6"}],"replies":[{"embeddable":true,"href":"https:\/\/portalmovil.com.ar\/index.php\/wp-json\/wp\/v2\/comments?post=85933"}],"version-history":[{"count":2,"href":"https:\/\/portalmovil.com.ar\/index.php\/wp-json\/wp\/v2\/posts\/85933\/revisions"}],"predecessor-version":[{"id":85936,"href":"https:\/\/portalmovil.com.ar\/index.php\/wp-json\/wp\/v2\/posts\/85933\/revisions\/85936"}],"wp:featuredmedia":[{"embeddable":true,"href":"https:\/\/portalmovil.com.ar\/index.php\/wp-json\/wp\/v2\/media\/85934"}],"wp:attachment":[{"href":"https:\/\/portalmovil.com.ar\/index.php\/wp-json\/wp\/v2\/media?parent=85933"}],"wp:term":[{"taxonomy":"category","embeddable":true,"href":"https:\/\/portalmovil.com.ar\/index.php\/wp-json\/wp\/v2\/categories?post=85933"},{"taxonomy":"post_tag","embeddable":true,"href":"https:\/\/portalmovil.com.ar\/index.php\/wp-json\/wp\/v2\/tags?post=85933"}],"curies":[{"name":"wp","href":"https:\/\/api.w.org\/{rel}","templated":true}]}}