{"id":85792,"date":"2023-10-30T12:47:00","date_gmt":"2023-10-30T15:47:00","guid":{"rendered":"https:\/\/portalmovil.com.ar\/?p=85792"},"modified":"2023-10-30T20:52:05","modified_gmt":"2023-10-30T23:52:05","slug":"massa-dijo-que-crece-el-abastecimiento-de-combustibles-y-advirtio-por-stockeo-y-especulacion","status":"publish","type":"post","link":"https:\/\/portalmovil.com.ar\/index.php\/2023\/10\/30\/massa-dijo-que-crece-el-abastecimiento-de-combustibles-y-advirtio-por-stockeo-y-especulacion\/","title":{"rendered":"Massa dijo que crece el abastecimiento de combustibles y advirti\u00f3 por stockeo y especulaci\u00f3n"},"content":{"rendered":"\n<p>El ministro de Econom\u00eda, Sergio Massa, dijo hoy que se observa un crecimiento en el abastecimiento de combustibles en las estaciones de servicio, por lo que en las pr\u00f3ximas horas se deber\u00eda normalizar, y volvi\u00f3 a advertir a petroleras por situaciones de \u00abespeculaci\u00f3n\u00bb y \u00abstockeo\u00bb de las \u00faltimas semanas en medio del clima electoral.<\/p>\n\n\n\n<p>\u00abEl abastecimiento es evidente que ha crecido. Ayer desde la tarde empez\u00f3 a aparecer m\u00e1gicamente el combustible que no estaba y las petroleras saben que tiene hasta ma\u00f1ana a las 12 de la noche para resolverlo\u00bb, reafirm\u00f3 esta tarde Massa en declaraciones a la prensa.<\/p>\n\n\n\n<p>Al ser consultado si en las pr\u00f3ximas horas se estar\u00eda normalizando la situaci\u00f3n, el ministro expres\u00f3: \u00abEstimo que s\u00ed, porque productoras, destiler\u00edas y las c\u00e1maras de estaciones de servicio est\u00e1n trabajando todas juntas en un programa de abastecimiento\u00bb.<\/p>\n\n\n\n<figure class=\"wp-block-embed is-type-rich is-provider-twitter wp-block-embed-twitter\"><div class=\"wp-block-embed__wrapper\">\n<div class=\"embed-twitter\"><blockquote class=\"twitter-tweet\" data-width=\"500\" data-dnt=\"true\"><p lang=\"es\" dir=\"ltr\">El petr\u00f3leo argentino es para los argentinos.<br><br>Voy a defender el abastecimiento interno, voy a defender el consumo de los argentinos.<br><br>Si el martes a las 12 de la noche no est\u00e1 resuelto el abastecimiento, desde el mi\u00e9rcoles no van a poder sacar un barco de exportaci\u00f3n. <a href=\"https:\/\/t.co\/5dqqXyBYBR\">pic.twitter.com\/5dqqXyBYBR<\/a><\/p>&mdash; Sergio Massa (@SergioMassa) <a href=\"https:\/\/twitter.com\/SergioMassa\/status\/1718743687960625249?ref_src=twsrc%5Etfw\">October 29, 2023<\/a><\/blockquote><script async src=\"https:\/\/platform.twitter.com\/widgets.js\" charset=\"utf-8\"><\/script><\/div>\n<\/div><\/figure>\n","protected":false},"excerpt":{"rendered":"<p>El ministro de Econom\u00eda, Sergio Massa, dijo hoy que se observa un crecimiento en el abastecimiento de combustibles en las estaciones de servicio, por lo que en las pr\u00f3ximas horas se deber\u00eda normalizar, y volvi\u00f3 a advertir a petroleras por situaciones de \u00abespeculaci\u00f3n\u00bb y \u00abstockeo\u00bb de las \u00faltimas semanas en medio del clima electoral. \u00abEl &hellip;<\/p>\n","protected":false},"author":2,"featured_media":85793,"comment_status":"open","ping_status":"open","sticky":false,"template":"","format":"standard","meta":{"_jetpack_memberships_contains_paid_content":false,"footnotes":"","jetpack_publicize_message":"","jetpack_publicize_feature_enabled":true,"jetpack_social_post_already_shared":true,"jetpack_social_options":{"image_generator_settings":{"template":"highway","default_image_id":0,"font":"","enabled":false},"version":2}},"categories":[639,14,12],"tags":[],"class_list":["post-85792","post","type-post","status-publish","format-standard","has-post-thumbnail","hentry","category-argentina","category-politica","category-ultimo"],"jetpack_publicize_connections":[],"jetpack_featured_media_url":"https:\/\/portalmovil.com.ar\/wp-content\/uploads\/2023\/10\/hay-escasez-de-combustible-en-varias-ciudades-de-argentina-1264html-gasolinera-argentinajpg-3532html-e868ab50-a068-48da-a3b0-b35dae566499.webp","jetpack_sharing_enabled":true,"amp_enabled":true,"_links":{"self":[{"href":"https:\/\/portalmovil.com.ar\/index.php\/wp-json\/wp\/v2\/posts\/85792","targetHints":{"allow":["GET"]}}],"collection":[{"href":"https:\/\/portalmovil.com.ar\/index.php\/wp-json\/wp\/v2\/posts"}],"about":[{"href":"https:\/\/portalmovil.com.ar\/index.php\/wp-json\/wp\/v2\/types\/post"}],"author":[{"embeddable":true,"href":"https:\/\/portalmovil.com.ar\/index.php\/wp-json\/wp\/v2\/users\/2"}],"replies":[{"embeddable":true,"href":"https:\/\/portalmovil.com.ar\/index.php\/wp-json\/wp\/v2\/comments?post=85792"}],"version-history":[{"count":1,"href":"https:\/\/portalmovil.com.ar\/index.php\/wp-json\/wp\/v2\/posts\/85792\/revisions"}],"predecessor-version":[{"id":85794,"href":"https:\/\/portalmovil.com.ar\/index.php\/wp-json\/wp\/v2\/posts\/85792\/revisions\/85794"}],"wp:featuredmedia":[{"embeddable":true,"href":"https:\/\/portalmovil.com.ar\/index.php\/wp-json\/wp\/v2\/media\/85793"}],"wp:attachment":[{"href":"https:\/\/portalmovil.com.ar\/index.php\/wp-json\/wp\/v2\/media?parent=85792"}],"wp:term":[{"taxonomy":"category","embeddable":true,"href":"https:\/\/portalmovil.com.ar\/index.php\/wp-json\/wp\/v2\/categories?post=85792"},{"taxonomy":"post_tag","embeddable":true,"href":"https:\/\/portalmovil.com.ar\/index.php\/wp-json\/wp\/v2\/tags?post=85792"}],"curies":[{"name":"wp","href":"https:\/\/api.w.org\/{rel}","templated":true}]}}