{"id":85751,"date":"2023-10-30T11:05:44","date_gmt":"2023-10-30T14:05:44","guid":{"rendered":"https:\/\/portalmovil.com.ar\/?p=85751"},"modified":"2023-10-30T11:05:47","modified_gmt":"2023-10-30T14:05:47","slug":"campo-largo-acuchillo-a-su-vecina-y-a-la-hija-y-fue-detenida","status":"publish","type":"post","link":"https:\/\/portalmovil.com.ar\/index.php\/2023\/10\/30\/campo-largo-acuchillo-a-su-vecina-y-a-la-hija-y-fue-detenida\/","title":{"rendered":"Campo Largo: acuchill\u00f3 a su vecina y a la hija y fue detenida"},"content":{"rendered":"\n<p>Cerca de las 1.30 de ayer, en Campo Largo se tom\u00f3 conocimiento de un desorden en el barrio Lote 49 y que las protagonistas fueron 3 mujeres, una de ellas de 12 a\u00f1os, que terminaron con lesiones.<\/p>\n\n\n\n<p>La Polic\u00eda se entrevist\u00f3 con una mujer (22), identificada como A.R.P., quien coment\u00f3 que tuvo una pelea con dos mujeres, J.C.G. y su hija menor de edad e hizo entrega de manera voluntaria de un cuchillo con empu\u00f1adura de madera.<\/p>\n\n\n\n<p>Como consecuencia del enfrentamiento, esta mujer (22) habr\u00eda herido con ese arma a esa madre y su hija.<\/p>\n\n\n\n<p>El personal policial se dirigi\u00f3 al hospital local donde pudo entrevistarse con la m\u00e9dica de guardia, quien brind\u00f3 detalles del ingreso de dos femeninas, J.C.G., quien presentaba una herida cortante de aproximadamente 2 cent\u00edmetros en el brazo izquierdo y en la zona del cuero cabelludo, mientras que la nena (12) sufri\u00f3 otra herida cortante en la regi\u00f3n lumbar.<\/p>\n\n\n\n<p>Ambas mujeres fueron derivadas al hospital 4 de Junio de Presidencia Roque S\u00e1enz Pe\u00f1a.<\/p>\n\n\n\n<p>La Polic\u00eda consult\u00f3 al fiscal en turno, Gustavo Valero, quien dispuso que A.R.P. quede detenida en la comisar\u00eda de Campo Largo y a disposici\u00f3n de la Justicia.<\/p>\n","protected":false},"excerpt":{"rendered":"<p>Las protagonistas fueron 3 mujeres, una de ellas de 12 a\u00f1os, que terminaron con lesiones.<\/p>\n","protected":false},"author":6,"featured_media":85752,"comment_status":"open","ping_status":"open","sticky":false,"template":"","format":"standard","meta":{"_jetpack_memberships_contains_paid_content":false,"footnotes":"","jetpack_publicize_message":"","jetpack_publicize_feature_enabled":true,"jetpack_social_post_already_shared":true,"jetpack_social_options":{"image_generator_settings":{"template":"highway","default_image_id":0,"font":"","enabled":false},"version":2}},"categories":[5,8],"tags":[],"class_list":["post-85751","post","type-post","status-publish","format-standard","has-post-thumbnail","hentry","category-chaco","category-policiales"],"jetpack_publicize_connections":[],"jetpack_featured_media_url":"https:\/\/portalmovil.com.ar\/wp-content\/uploads\/2023\/10\/Campo-Largo.jpg","jetpack_sharing_enabled":true,"amp_enabled":true,"_links":{"self":[{"href":"https:\/\/portalmovil.com.ar\/index.php\/wp-json\/wp\/v2\/posts\/85751","targetHints":{"allow":["GET"]}}],"collection":[{"href":"https:\/\/portalmovil.com.ar\/index.php\/wp-json\/wp\/v2\/posts"}],"about":[{"href":"https:\/\/portalmovil.com.ar\/index.php\/wp-json\/wp\/v2\/types\/post"}],"author":[{"embeddable":true,"href":"https:\/\/portalmovil.com.ar\/index.php\/wp-json\/wp\/v2\/users\/6"}],"replies":[{"embeddable":true,"href":"https:\/\/portalmovil.com.ar\/index.php\/wp-json\/wp\/v2\/comments?post=85751"}],"version-history":[{"count":2,"href":"https:\/\/portalmovil.com.ar\/index.php\/wp-json\/wp\/v2\/posts\/85751\/revisions"}],"predecessor-version":[{"id":85754,"href":"https:\/\/portalmovil.com.ar\/index.php\/wp-json\/wp\/v2\/posts\/85751\/revisions\/85754"}],"wp:featuredmedia":[{"embeddable":true,"href":"https:\/\/portalmovil.com.ar\/index.php\/wp-json\/wp\/v2\/media\/85752"}],"wp:attachment":[{"href":"https:\/\/portalmovil.com.ar\/index.php\/wp-json\/wp\/v2\/media?parent=85751"}],"wp:term":[{"taxonomy":"category","embeddable":true,"href":"https:\/\/portalmovil.com.ar\/index.php\/wp-json\/wp\/v2\/categories?post=85751"},{"taxonomy":"post_tag","embeddable":true,"href":"https:\/\/portalmovil.com.ar\/index.php\/wp-json\/wp\/v2\/tags?post=85751"}],"curies":[{"name":"wp","href":"https:\/\/api.w.org\/{rel}","templated":true}]}}