{"id":85436,"date":"2023-10-24T17:51:52","date_gmt":"2023-10-24T20:51:52","guid":{"rendered":"https:\/\/portalmovil.com.ar\/?p=85436"},"modified":"2023-10-24T17:51:54","modified_gmt":"2023-10-24T20:51:54","slug":"evacuaron-a-mas-de-500-personas-en-corrientes-por-la-crecida-del-rio-uruguay","status":"publish","type":"post","link":"https:\/\/portalmovil.com.ar\/index.php\/2023\/10\/24\/evacuaron-a-mas-de-500-personas-en-corrientes-por-la-crecida-del-rio-uruguay\/","title":{"rendered":"Evacuaron a m\u00e1s de 500 personas en Corrientes por la crecida del r\u00edo Uruguay"},"content":{"rendered":"\n<p>La crecida del r\u00edo Uruguay, abundantes precipitaciones y el desborde de arroyos internos obligaron a autoridades municipales y funcionarios de Defensa Civil a realizar evacuaciones de m\u00e1s de 500 pobladores de localidades del este de la provincia de Corrientes, algunos de los cuales lo hicieron por su propia cuenta, y si bien el nivel del agua \u00abempez\u00f3 a bajar\u00bb, la situaci\u00f3n contin\u00faa siendo \u00abde emergencia\u00bb, seg\u00fan advirtieron.<\/p>\n\n\n\n<p>El fen\u00f3meno se registr\u00f3 especialmente en localidades lindantes al r\u00edo Uruguay, como Santo Tom\u00e9, Alvear, Paso de los Libres y en Mercedes, donde el agua ingres\u00f3 a las casas por el desborde de dos arroyos.<\/p>\n\n\n\n<p>Las inundaciones obligaron a evacuar 300 personas en Santo Tom\u00e9, m\u00e1s de 100 en Alvear, 80 en Paso de los Libres y 50 en Mercedes. El intendente de esta \u00faltima ciudad, Diego Caram, confirm\u00f3 a T\u00e9lam \u00abque hoy la gran mayor\u00eda regres\u00f3 a sus casas, porque menguaron las lluvias y descendi\u00f3 el nivel del agua, pero siguen siendo asistidas por el municipio\u00bb.<\/p>\n\n\n\n<p>Por otra parte, en Santo Tom\u00e9, el responsable del \u00e1rea de Defensa Civil del municipio, Sergio Lovatto, detall\u00f3 en declaraciones a Radio Dos que son \u00ab88 las familias evacuadas, un total de 301 personas\u00bb.<\/p>\n\n\n\n<p>\u00abEl panorama es alentador porque est\u00e1 bajando lento, pero bajando\u00bb, remarc\u00f3 el funcionario y aclar\u00f3 que \u00absi bien estamos en bajante, continuamos en emergencia\u00bb.<\/p>\n\n\n\n<p>En tanto, respecto de la situaci\u00f3n que se registra en Alvear por la creciente del r\u00edo Uruguay, el intendente Miguel Salvarredy explic\u00f3 a la misma emisora capitalina que \u00abson 42 las familias evacuadas asistidas por el municipio\u00bb.<\/p>\n\n\n\n<p>\u00abEstamos rodeados de agua\u00bb, grafic\u00f3 el jefe comunal y manifest\u00f3 que \u00abesperamos que no siga lloviendo, para que el r\u00edo siga bajando para que las familias puedan volver a sus hogares\u00bb.<\/p>\n\n\n\n<p>En Mercedes, se registraron \u00ababundantes precipitaciones, durante el pasado fin de semana, que empezaron a disminuir y la mayor\u00eda de los evacuados regresaron a sus casas\u00bb, dijo a T\u00e9lam el intendente Caram sobre el desborde de los arroyos \u00abLas Garzas\u00bb y \u00abG\u00f3mez\u00bb que est\u00e1n en la ciudad.<br>Precis\u00f3 adem\u00e1s que \u00abm\u00e1s de 50 vecinos de los barrios Las Garzas, Recodo, Castello, Matadero y Pompeya, fueron asistidos en el Albergue Municipal, donde se les provey\u00f3 comida y asistencia\u00bb y agreg\u00f3 que adem\u00e1s recibieron el apoyo del Ministerio de Desarrollo Social de la Naci\u00f3n, \u00abque reaccion\u00f3 r\u00e1pidamente ante la emergencia\u00bb.<\/p>\n\n\n\n<p>Y aclar\u00f3 que \u00abla situaci\u00f3n no fue m\u00e1s grave por el trabajo municipal de mantener limpios los arroyos, por eso cuando cesa la lluvia, el agua drena r\u00e1pidamente\u00bb.<br>En Paso de los Libres, el director de Defensa Civil de la Municipalidad, Alcides Acu\u00f1a, detall\u00f3 que hasta el momento ascienden 80 las personas evacuadas y 55 familias las autoevacuadas.<\/p>\n\n\n\n<p>\u00abEl n\u00famero de afectados va seguir en aumento, porque la bajante va a ser lenta y eso hace que la situaci\u00f3n persista por varios d\u00edas en nuestra ciudad\u00bb, concluy\u00f3 en di\u00e1logo con la prensa el funcionario libre\u00f1o.<\/p>\n\n\n\n<p>El informe de la Prefectura Naval Argentina sobre la altura de los r\u00edos, menciona respecto del r\u00edo Uruguay, el estado de evacuaci\u00f3n y en creciente en los puertos de Alvear, La Cruz y Paso de los Libres y en evacuaci\u00f3n pero en baja en Santo Tom\u00e9.<\/p>\n\n\n\n<p>El pron\u00f3stico del Servicio Meteorol\u00f3gico Nacional anuncia m\u00e1s chaparrones e inestabilidad en el d\u00eda de hoy y el fin de las precipitaciones llegar\u00eda ma\u00f1ana, a las localidades mencionadas del este de Corrientes.<\/p>\n","protected":false},"excerpt":{"rendered":"<p>La crecida del r\u00edo Uruguay, abundantes precipitaciones y el desborde de arroyos internos obligaron a autoridades municipales y funcionarios de Defensa Civil a realizar evacuaciones de m\u00e1s de 500 pobladores de localidades del este de la provincia de Corrientes, algunos de los cuales lo hicieron por su propia cuenta, y si bien el nivel del &hellip;<\/p>\n","protected":false},"author":2,"featured_media":85437,"comment_status":"open","ping_status":"open","sticky":false,"template":"","format":"standard","meta":{"_jetpack_memberships_contains_paid_content":false,"footnotes":"","jetpack_publicize_message":"","jetpack_publicize_feature_enabled":true,"jetpack_social_post_already_shared":true,"jetpack_social_options":{"image_generator_settings":{"template":"highway","default_image_id":0,"font":"","enabled":false},"version":2}},"categories":[28,639],"tags":[],"class_list":["post-85436","post","type-post","status-publish","format-standard","has-post-thumbnail","hentry","category-actualidad","category-argentina"],"jetpack_publicize_connections":[],"jetpack_featured_media_url":"https:\/\/portalmovil.com.ar\/wp-content\/uploads\/2023\/10\/1327736w850h478c.jpg.webp","jetpack_sharing_enabled":true,"amp_enabled":true,"_links":{"self":[{"href":"https:\/\/portalmovil.com.ar\/index.php\/wp-json\/wp\/v2\/posts\/85436","targetHints":{"allow":["GET"]}}],"collection":[{"href":"https:\/\/portalmovil.com.ar\/index.php\/wp-json\/wp\/v2\/posts"}],"about":[{"href":"https:\/\/portalmovil.com.ar\/index.php\/wp-json\/wp\/v2\/types\/post"}],"author":[{"embeddable":true,"href":"https:\/\/portalmovil.com.ar\/index.php\/wp-json\/wp\/v2\/users\/2"}],"replies":[{"embeddable":true,"href":"https:\/\/portalmovil.com.ar\/index.php\/wp-json\/wp\/v2\/comments?post=85436"}],"version-history":[{"count":1,"href":"https:\/\/portalmovil.com.ar\/index.php\/wp-json\/wp\/v2\/posts\/85436\/revisions"}],"predecessor-version":[{"id":85438,"href":"https:\/\/portalmovil.com.ar\/index.php\/wp-json\/wp\/v2\/posts\/85436\/revisions\/85438"}],"wp:featuredmedia":[{"embeddable":true,"href":"https:\/\/portalmovil.com.ar\/index.php\/wp-json\/wp\/v2\/media\/85437"}],"wp:attachment":[{"href":"https:\/\/portalmovil.com.ar\/index.php\/wp-json\/wp\/v2\/media?parent=85436"}],"wp:term":[{"taxonomy":"category","embeddable":true,"href":"https:\/\/portalmovil.com.ar\/index.php\/wp-json\/wp\/v2\/categories?post=85436"},{"taxonomy":"post_tag","embeddable":true,"href":"https:\/\/portalmovil.com.ar\/index.php\/wp-json\/wp\/v2\/tags?post=85436"}],"curies":[{"name":"wp","href":"https:\/\/api.w.org\/{rel}","templated":true}]}}