{"id":85344,"date":"2023-10-23T18:16:52","date_gmt":"2023-10-23T21:16:52","guid":{"rendered":"https:\/\/portalmovil.com.ar\/?p=85344"},"modified":"2023-10-23T18:16:54","modified_gmt":"2023-10-23T21:16:54","slug":"policia-federal-realiza-allanamientos-en-la-causa-contra-insaurralde","status":"publish","type":"post","link":"https:\/\/portalmovil.com.ar\/index.php\/2023\/10\/23\/policia-federal-realiza-allanamientos-en-la-causa-contra-insaurralde\/","title":{"rendered":"Polic\u00eda Federal realiza allanamientos en la causa contra Insaurralde"},"content":{"rendered":"\n<p>En el marco de la causa que investiga al&nbsp;<strong>exjefe de Gabinete de la provincia de Buenos Aires, Mart\u00edn Insaurralde, el juez federal Ernesto Kreplak<\/strong>&nbsp;orden\u00f3 siete allanamientos.<\/p>\n\n\n\n<p>En una jornada post elecciones, los procedimientos se llevan a cabo en la Ciudad y en la provincia de Buenos Aires y est\u00e1n a cargo de la Polic\u00eda Federal.<\/p>\n\n\n\n<p>Cabe recordar que Insaurralde<strong>&nbsp;est\u00e1 imputado por lavado de dinero y enriquecimiento il\u00edcito luego de que se acumularon las dos denuncias presentadas en los tribunales de Lomas de Zamora<\/strong>. En la misma causa est\u00e1n imputadas la modelo Sof\u00eda Clerici y su exesposa, Jesica Cirio.<\/p>\n\n\n\n<p>La investigaci\u00f3n judicial por el escandaloso viaje a&nbsp;<strong>Marbella est\u00e1 bajo secreto de sumario desde el 10 de octubre. La medida fue dispuesta por el juez Kreplak,<\/strong>&nbsp;a pedido del fiscal Sergio Mola, y vence esta semana.<\/p>\n\n\n\n<p>Estas causas tuvieron sus inicios luego de un escandaloso viaje que realiz\u00f3 el funcionario a Marbella. Junto a Sof\u00eda Clerici -otra de las imputadas- el exjefe de Gabinete se mostr\u00f3 en un lujoso yate en el mar mediterr\u00e1neo. Estas im\u00e1genes junto a otros \u00ablujos\u00bb alertaron de la situaci\u00f3n, todo termin\u00f3 con la renuncia a su cargo en la provincia de Buenos Aires y posterior imputaci\u00f3n en dos causas.<\/p>\n\n\n\n<p>La Justicia todav\u00eda no pudo determinar qui\u00e9n es el due\u00f1o del yate \u00abBandido\u00bb, utilizado por Insaurralde y Clerici para navegar por el Mediterr\u00e1neo.&nbsp;<strong>Tampoco se pudo confirmar si los regalos de lujo que mostr\u00f3 Clerici en su cruenta de Instagram fueron comprados por Insaurralde. Hasta ahora, hay un informe de la Aduana<\/strong>&nbsp;que asegura que esos objetos no fueron detectados en las valijas de los dos protagonistas del esc\u00e1ndalo.<\/p>\n","protected":false},"excerpt":{"rendered":"<p>En el marco de la causa que investiga al&nbsp;exjefe de Gabinete de la provincia de Buenos Aires, Mart\u00edn Insaurralde, el juez federal Ernesto Kreplak&nbsp;orden\u00f3 siete allanamientos. En una jornada post elecciones, los procedimientos se llevan a cabo en la Ciudad y en la provincia de Buenos Aires y est\u00e1n a cargo de la Polic\u00eda Federal. &hellip;<\/p>\n","protected":false},"author":2,"featured_media":85345,"comment_status":"open","ping_status":"open","sticky":false,"template":"","format":"standard","meta":{"_jetpack_memberships_contains_paid_content":false,"footnotes":"","jetpack_publicize_message":"","jetpack_publicize_feature_enabled":true,"jetpack_social_post_already_shared":true,"jetpack_social_options":{"image_generator_settings":{"template":"highway","default_image_id":0,"font":"","enabled":false},"version":2}},"categories":[639,8],"tags":[],"class_list":["post-85344","post","type-post","status-publish","format-standard","has-post-thumbnail","hentry","category-argentina","category-policiales"],"jetpack_publicize_connections":[],"jetpack_featured_media_url":"https:\/\/portalmovil.com.ar\/wp-content\/uploads\/2023\/10\/586942w850h477c.png.webp","jetpack_sharing_enabled":true,"amp_enabled":true,"_links":{"self":[{"href":"https:\/\/portalmovil.com.ar\/index.php\/wp-json\/wp\/v2\/posts\/85344","targetHints":{"allow":["GET"]}}],"collection":[{"href":"https:\/\/portalmovil.com.ar\/index.php\/wp-json\/wp\/v2\/posts"}],"about":[{"href":"https:\/\/portalmovil.com.ar\/index.php\/wp-json\/wp\/v2\/types\/post"}],"author":[{"embeddable":true,"href":"https:\/\/portalmovil.com.ar\/index.php\/wp-json\/wp\/v2\/users\/2"}],"replies":[{"embeddable":true,"href":"https:\/\/portalmovil.com.ar\/index.php\/wp-json\/wp\/v2\/comments?post=85344"}],"version-history":[{"count":2,"href":"https:\/\/portalmovil.com.ar\/index.php\/wp-json\/wp\/v2\/posts\/85344\/revisions"}],"predecessor-version":[{"id":85347,"href":"https:\/\/portalmovil.com.ar\/index.php\/wp-json\/wp\/v2\/posts\/85344\/revisions\/85347"}],"wp:featuredmedia":[{"embeddable":true,"href":"https:\/\/portalmovil.com.ar\/index.php\/wp-json\/wp\/v2\/media\/85345"}],"wp:attachment":[{"href":"https:\/\/portalmovil.com.ar\/index.php\/wp-json\/wp\/v2\/media?parent=85344"}],"wp:term":[{"taxonomy":"category","embeddable":true,"href":"https:\/\/portalmovil.com.ar\/index.php\/wp-json\/wp\/v2\/categories?post=85344"},{"taxonomy":"post_tag","embeddable":true,"href":"https:\/\/portalmovil.com.ar\/index.php\/wp-json\/wp\/v2\/tags?post=85344"}],"curies":[{"name":"wp","href":"https:\/\/api.w.org\/{rel}","templated":true}]}}