{"id":848,"date":"2020-01-25T11:48:41","date_gmt":"2020-01-25T14:48:41","guid":{"rendered":"http:\/\/portalmovil.com.ar\/?p=848"},"modified":"2020-01-25T11:53:05","modified_gmt":"2020-01-25T14:53:05","slug":"violencia-de-genero-por-los-celos-de-su-pareja-se-incendio-la-cara","status":"publish","type":"post","link":"https:\/\/portalmovil.com.ar\/index.php\/2020\/01\/25\/violencia-de-genero-por-los-celos-de-su-pareja-se-incendio-la-cara\/","title":{"rendered":"Violencia de G\u00e9nero:  Por los celos de su pareja, se incendi\u00f3 la cara"},"content":{"rendered":"<p><span data-contrast=\"none\">Un nuevo caso de&nbsp;<\/span><span style=\"color: #000080;\"><b>violencia de g\u00e9nero<\/b><\/span><span data-contrast=\"none\">&nbsp;conmocion\u00f3 a la provincia de Santiago del Estero. Una joven madre de 22 a\u00f1os&nbsp;<\/span><span style=\"color: #000080;\"><b>se arroj\u00f3 alcohol en la cara y el pecho para \u201cser fea\u201d y as\u00ed evitar las constantes agresiones de su pareja.<\/b>&nbsp;<\/span><\/p>\n<p><span data-contrast=\"none\">El dram\u00e1tico episodio que se conoci\u00f3 en las \u00faltimas horas sucedi\u00f3 el 1 de enero, luego de que el agresor la golpeara brutalmente por haberse puesto una pollera. Adem\u00e1s, la acus\u00f3 de haber estado con un primo en A\u00f1o Nuevo.<\/span><span data-ccp-props=\"{&quot;201341983&quot;:1,&quot;335559739&quot;:160,&quot;335559740&quot;:450}\">&nbsp;<\/span><\/p>\n<p><span data-contrast=\"none\">Tras casi un mes de recuperaci\u00f3n, Milagros Carranza pudo declarar lo que sucedi\u00f3 ese d\u00eda y el calvario que vivi\u00f3 durante los 6 a\u00f1os que fue pareja de Rodrigo Ovejero de 26 a\u00f1os.<\/span><span data-ccp-props=\"{&quot;201341983&quot;:1,&quot;335559739&quot;:160,&quot;335559740&quot;:450}\">&nbsp;<\/span><\/p>\n<p><b><span data-contrast=\"none\"><span style=\"color: #000080;\">\u201cSal\u00ed de ba\u00f1arme y me puse una pollera. Comenz\u00f3 a insultarme diciendo que para qui\u00e9n me pongo esa pollera<\/span>\u201d<\/span><\/b><span data-contrast=\"none\">, cont\u00f3 Milagros sobre el d\u00eda que, cansada, se prendi\u00f3 fuego la cara.<\/span><span data-ccp-props=\"{&quot;201341983&quot;:1,&quot;335559739&quot;:160,&quot;335559740&quot;:450}\">&nbsp;<\/span><\/p>\n<p><span data-contrast=\"none\">Adem\u00e1s&nbsp;la joven cont\u00f3 que tras la discusi\u00f3n se fue a la casa de sus padres junto a su hija y que cuando volvi\u00f3 a la madrugada, el calvario continu\u00f3.<\/span><span data-ccp-props=\"{&quot;201341983&quot;:1,&quot;335559739&quot;:160,&quot;335559740&quot;:450}\">&nbsp;<\/span><\/p>\n<p><span data-contrast=\"none\">\u201cCuando volv\u00ed estaba tranquilo. Ah\u00ed llegaron sus primos y&nbsp;<\/span><span style=\"color: #000080;\"><b>en un momento ingres\u00e9 al ba\u00f1o y me cruc\u00e9 en la puerta con uno de ellos. Rodrigo me mira y me empez\u00f3 a acusar de haber estado en el ba\u00f1o con su primo\u201d<\/b><\/span><span data-contrast=\"none\">, cont\u00f3 la v\u00edctima.<\/span><span data-ccp-props=\"{&quot;201341983&quot;:1,&quot;335559739&quot;:160,&quot;335559740&quot;:450}\">&nbsp;<\/span><\/p>\n<p><span data-contrast=\"none\">Enojada, tom\u00f3 la decisi\u00f3n de irse una vez m\u00e1s y cuando regres\u00f3 se encontr\u00f3 con Ovejero borracho. Seg\u00fan su relato, la joven le pregunt\u00f3 si \u201cquer\u00eda que fuera fea\u201d para que la dejara de celar. \u201cEntonces&nbsp;<\/span><span style=\"color: #000080;\"><b>fui al ba\u00f1o tom\u00e9 la botella de alcohol y me ech\u00e9 desde la frente hasta el pecho<\/b><\/span><span data-contrast=\"none\">. \u00c9l me agarr\u00f3 de brazo, pero yo ya hab\u00eda prendido el encendedor\u201d, relat\u00f3.<\/span><span data-ccp-props=\"{&quot;201341983&quot;:1,&quot;335559739&quot;:160,&quot;335559740&quot;:450}\">&nbsp;<\/span><\/p>\n<p><span data-contrast=\"none\">Luego del episodio la joven fue derivada de urgencia a un hospital de la zona donde se recuper\u00f3 de las lesiones. El agresor, por su parte, fue&nbsp;<\/span><span data-contrast=\"none\">imputado<\/span><span data-contrast=\"none\">&nbsp;pero goza de libertad&nbsp;hasta que el proceso judicial determine su responsabilidad en las graves lesiones que sufri\u00f3&nbsp;<\/span><span data-contrast=\"none\">Milagros<\/span><span data-contrast=\"none\">.<\/span><span data-ccp-props=\"{&quot;201341983&quot;:1,&quot;335559739&quot;:160,&quot;335559740&quot;:450}\">&nbsp;<\/span><\/p>\n\n\n<p><strong>Si&nbsp;sos&nbsp;v\u00edctima de violencias o&nbsp;conoc\u00e9s&nbsp;a alguien que lo es&nbsp;pod\u00e9s&nbsp;denunciar a la L\u00ednea 137 en Resistencia, y a la 144 en todo el pa\u00eds.<\/strong>&nbsp;<\/p>\n\n\n\n<p class=\"has-text-align-center\"><\/p>\n\n\n<h3><span style=\"color: #000080;\">Si sos v\u00edctima de violencias o conoc\u00e9s a alguien que lo es pod\u00e9s denunciar a la L\u00ednea 137 en Resistencia, y a la 144 en todo el pa\u00eds.<\/span><\/h3>\n<h3><span style=\"color: #000080;\">Tambi\u00e9n podes llamar a la L\u00ednea 911, las 24 hs o acercarte a la comisar\u00eda de tu barrio.<\/span><\/h3>","protected":false},"excerpt":{"rendered":"<p>Un nuevo caso de&nbsp;violencia de g\u00e9nero&nbsp;conmocion\u00f3 a la provincia de Santiago del Estero. Una joven madre de 22 a\u00f1os&nbsp;se arroj\u00f3 alcohol en la cara y el pecho para \u201cser fea\u201d y as\u00ed evitar las constantes agresiones de su pareja.&nbsp; El dram\u00e1tico episodio que se conoci\u00f3 en las \u00faltimas horas sucedi\u00f3 el 1 de enero, luego &hellip;<\/p>\n","protected":false},"author":2,"featured_media":849,"comment_status":"open","ping_status":"open","sticky":true,"template":"","format":"standard","meta":{"_jetpack_memberships_contains_paid_content":false,"footnotes":"","jetpack_publicize_message":"","jetpack_publicize_feature_enabled":true,"jetpack_social_post_already_shared":true,"jetpack_social_options":{"image_generator_settings":{"template":"highway","default_image_id":0,"font":"","enabled":false},"version":2}},"categories":[12],"tags":[117,118,116],"class_list":["post-848","post","type-post","status-publish","format-standard","has-post-thumbnail","hentry","category-ultimo","tag-agresion","tag-victima","tag-violencia-de-genero"],"jetpack_publicize_connections":[],"jetpack_featured_media_url":"https:\/\/portalmovil.com.ar\/wp-content\/uploads\/2020\/01\/mp.jpg","jetpack_sharing_enabled":true,"amp_enabled":true,"_links":{"self":[{"href":"https:\/\/portalmovil.com.ar\/index.php\/wp-json\/wp\/v2\/posts\/848","targetHints":{"allow":["GET"]}}],"collection":[{"href":"https:\/\/portalmovil.com.ar\/index.php\/wp-json\/wp\/v2\/posts"}],"about":[{"href":"https:\/\/portalmovil.com.ar\/index.php\/wp-json\/wp\/v2\/types\/post"}],"author":[{"embeddable":true,"href":"https:\/\/portalmovil.com.ar\/index.php\/wp-json\/wp\/v2\/users\/2"}],"replies":[{"embeddable":true,"href":"https:\/\/portalmovil.com.ar\/index.php\/wp-json\/wp\/v2\/comments?post=848"}],"version-history":[{"count":2,"href":"https:\/\/portalmovil.com.ar\/index.php\/wp-json\/wp\/v2\/posts\/848\/revisions"}],"predecessor-version":[{"id":851,"href":"https:\/\/portalmovil.com.ar\/index.php\/wp-json\/wp\/v2\/posts\/848\/revisions\/851"}],"wp:featuredmedia":[{"embeddable":true,"href":"https:\/\/portalmovil.com.ar\/index.php\/wp-json\/wp\/v2\/media\/849"}],"wp:attachment":[{"href":"https:\/\/portalmovil.com.ar\/index.php\/wp-json\/wp\/v2\/media?parent=848"}],"wp:term":[{"taxonomy":"category","embeddable":true,"href":"https:\/\/portalmovil.com.ar\/index.php\/wp-json\/wp\/v2\/categories?post=848"},{"taxonomy":"post_tag","embeddable":true,"href":"https:\/\/portalmovil.com.ar\/index.php\/wp-json\/wp\/v2\/tags?post=848"}],"curies":[{"name":"wp","href":"https:\/\/api.w.org\/{rel}","templated":true}]}}