{"id":84795,"date":"2023-10-16T11:42:27","date_gmt":"2023-10-16T14:42:27","guid":{"rendered":"https:\/\/portalmovil.com.ar\/?p=84795"},"modified":"2023-10-16T11:42:30","modified_gmt":"2023-10-16T14:42:30","slug":"villa-gesell-un-organizador-de-torneos-de-voley-fue-detenido-acusado-de-filmar-a-una-nena-en-el-bano","status":"publish","type":"post","link":"https:\/\/portalmovil.com.ar\/index.php\/2023\/10\/16\/villa-gesell-un-organizador-de-torneos-de-voley-fue-detenido-acusado-de-filmar-a-una-nena-en-el-bano\/","title":{"rendered":"Villa Gesell: un organizador de torneos de v\u00f3ley fue detenido acusado de filmar a una nena en el ba\u00f1o"},"content":{"rendered":"\n<p class=\"wp-block-paragraph\">Un reconocido empresario que organiza torneos de v\u00f3ley en Villa Gesell fue detenido y acusado de haber filmado a una nena de 10 a\u00f1os mientras estaba en el ba\u00f1o. En su tel\u00e9fono celular se encontraron fotos de otras menores a las que se las ve\u00eda en ropa interior.<\/p>\n\n\n\n<p class=\"wp-block-paragraph\">Fuentes policiales identificaron al detenido como Jorge Guardamagna, de 66 a\u00f1os, quien organizaba torneos de v\u00f3ley desde hace m\u00e1s de 20 a\u00f1os. El hombre, quien tambi\u00e9n se desempe\u00f1\u00f3 como \u00e1rbitro en ese deporte, estaba a cargo de las competencias escolares y de jugadoras de 12 a\u00f1os y Sub-16.<\/p>\n\n\n\n<p class=\"wp-block-paragraph\">\u00abUna de las chicas, que tiene 10 a\u00f1os y es la hija de una compa\u00f1era nuestra, fue al ba\u00f1o. Volvi\u00f3 muy angustiada diciendo que hab\u00eda visto un tel\u00e9fono que la estaba grabando. Le cont\u00f3 a la madre esta situaci\u00f3n y dio detalles de c\u00f3mo era el tel\u00e9fono que la estaba grabando por una ventana del ba\u00f1o. La madre y la coordinadora del club subieron al ba\u00f1o para ver si hab\u00eda alguien adentro\u00bb.<\/p>\n\n\n\n<p class=\"wp-block-paragraph\">\u00abJorge sali\u00f3 de la cocina preguntando qu\u00e9 pas\u00f3 y le cuentan la situaci\u00f3n. Le dicen &#8216;mostrame tu tel\u00e9fono&#8217; y lo mostr\u00f3\u00bb.<\/p>\n\n\n\n<p class=\"wp-block-paragraph\">\u00abAbr\u00ed la papelera y ya hab\u00eda indicios de que pod\u00eda ser \u00e9l el que ten\u00eda el video. Me angusti\u00e9. Se lo di a otra persona y me fui. Estaba el video de ella y se empez\u00f3 a alterar toda la situaci\u00f3n\u00bb, cerr\u00f3 la testigo.<\/p>\n\n\n\n<p class=\"wp-block-paragraph\">Guardamagna fue detenido por efectivos de la comisar\u00eda 1\u00b0 de Villa Gesell de la Polic\u00eda Bonaerense. En la causa interviene la Unidad Funcional de Instrucci\u00f3n (UFI) N\u00b06 de Villa Gesell.<\/p>\n","protected":false},"excerpt":{"rendered":"<p>En su tel\u00e9fono celular se encontraron fotos de otras menores a las que se las ve\u00eda en ropa interior.<\/p>\n","protected":false},"author":6,"featured_media":84796,"comment_status":"open","ping_status":"open","sticky":false,"template":"","format":"standard","meta":{"_jetpack_newsletter_access":"","_jetpack_dont_email_post_to_subs":false,"_jetpack_newsletter_tier_id":0,"_jetpack_memberships_contains_paywalled_content":false,"_jetpack_feature_clip_id":0,"_jetpack_memberships_contains_paid_content":false,"footnotes":"","jetpack_publicize_message":"","jetpack_publicize_feature_enabled":true,"jetpack_social_post_already_shared":true,"jetpack_social_options":{"image_generator_settings":{"template":"highway","default_image_id":0,"font":"","enabled":false},"version":2},"jetpack_post_was_ever_published":false},"categories":[8],"tags":[],"class_list":["post-84795","post","type-post","status-publish","format-standard","has-post-thumbnail","hentry","category-policiales"],"jetpack_publicize_connections":[],"jetpack_sharing_enabled":true,"amp_enabled":true,"jetpack_featured_media_url":"https:\/\/portalmovil.com.ar\/wp-content\/uploads\/2023\/10\/Villa-Gesel.webp","_links":{"self":[{"href":"https:\/\/portalmovil.com.ar\/index.php\/wp-json\/wp\/v2\/posts\/84795","targetHints":{"allow":["GET"]}}],"collection":[{"href":"https:\/\/portalmovil.com.ar\/index.php\/wp-json\/wp\/v2\/posts"}],"about":[{"href":"https:\/\/portalmovil.com.ar\/index.php\/wp-json\/wp\/v2\/types\/post"}],"author":[{"embeddable":true,"href":"https:\/\/portalmovil.com.ar\/index.php\/wp-json\/wp\/v2\/users\/6"}],"replies":[{"embeddable":true,"href":"https:\/\/portalmovil.com.ar\/index.php\/wp-json\/wp\/v2\/comments?post=84795"}],"version-history":[{"count":1,"href":"https:\/\/portalmovil.com.ar\/index.php\/wp-json\/wp\/v2\/posts\/84795\/revisions"}],"predecessor-version":[{"id":84797,"href":"https:\/\/portalmovil.com.ar\/index.php\/wp-json\/wp\/v2\/posts\/84795\/revisions\/84797"}],"wp:featuredmedia":[{"embeddable":true,"href":"https:\/\/portalmovil.com.ar\/index.php\/wp-json\/wp\/v2\/media\/84796"}],"wp:attachment":[{"href":"https:\/\/portalmovil.com.ar\/index.php\/wp-json\/wp\/v2\/media?parent=84795"}],"wp:term":[{"taxonomy":"category","embeddable":true,"href":"https:\/\/portalmovil.com.ar\/index.php\/wp-json\/wp\/v2\/categories?post=84795"},{"taxonomy":"post_tag","embeddable":true,"href":"https:\/\/portalmovil.com.ar\/index.php\/wp-json\/wp\/v2\/tags?post=84795"}],"curies":[{"name":"wp","href":"https:\/\/api.w.org\/{rel}","templated":true}]}}