{"id":84779,"date":"2023-10-16T10:04:53","date_gmt":"2023-10-16T13:04:53","guid":{"rendered":"https:\/\/portalmovil.com.ar\/?p=84779"},"modified":"2023-10-16T10:04:56","modified_gmt":"2023-10-16T13:04:56","slug":"dos-hombres-fallecieron-luego-de-chocar-contra-un-taxi-en-ruta-11","status":"publish","type":"post","link":"https:\/\/portalmovil.com.ar\/index.php\/2023\/10\/16\/dos-hombres-fallecieron-luego-de-chocar-contra-un-taxi-en-ruta-11\/","title":{"rendered":"Dos hombres fallecieron luego de chocar contra un taxi en Ruta 11"},"content":{"rendered":"\n<p>La tragedia ocurri\u00f3 en la Ruta 11 al Kil\u00f3metro 1040, cuando un autom\u00f3vil Renault Logan, que trabajaba como taxi, colision\u00f3 violentamente con una motocicleta Yamaha XTZ en la que viajaban dos hombres . A ra\u00edz del impacto los dos ocupantes de la motocicleta perdieron la vida en el acto.<\/p>\n\n\n\n<p>Los efectivos de la Comisar\u00eda de Margarita Bel\u00e9n se dirigieron al lugar del accidente para llevar a cabo las investigaciones correspondientes.<\/p>\n\n\n\n<p>El autom\u00f3vil involucrado en el choque transportaba a un hombre de 45 a\u00f1os y dos mujeres de 22 y 25 a\u00f1os. Por desgracia, la motocicleta, ocupada por dos hombres, no pudo evitar la colisi\u00f3n , y ambos ocupantes perdieron la vida en el impacto. Los m\u00e9dicos llegaron poco despu\u00e9s y confirmaron el deceso de ambos motociclistas.<\/p>\n\n\n\n<p>Los fallecidos fueron identificados como Miguel \u00c1ngel Guggisberg, de 50 a\u00f1os, y N\u00e9stor Joaqu\u00edn Correa, de 43 a\u00f1os. Mientras que las dos mujeres y el conductor del autom\u00f3vil resultaron ilesos y, como parte del procedimiento, se les realiz\u00f3 el test de alcoholemia, que arroj\u00f3 resultados negativos .<\/p>\n\n\n\n<p>La Fiscal\u00eda N\u00b0 15, a cargo de la Dra. Vanesa Fonteina, se ha hecho cargo de la investigaci\u00f3n y ha iniciado actuaciones judiciales por supuesto homicidio culposo en accidente de tr\u00e1nsito .<\/p>\n","protected":false},"excerpt":{"rendered":"<p>Los efectivos de la Comisar\u00eda de Margarita Bel\u00e9n se dirigieron al lugar del accidente para llevar a cabo las investigaciones correspondientes.<\/p>\n","protected":false},"author":6,"featured_media":84780,"comment_status":"open","ping_status":"open","sticky":false,"template":"","format":"standard","meta":{"_jetpack_memberships_contains_paid_content":false,"footnotes":"","jetpack_publicize_message":"","jetpack_publicize_feature_enabled":true,"jetpack_social_post_already_shared":true,"jetpack_social_options":{"image_generator_settings":{"template":"highway","default_image_id":0,"font":"","enabled":false},"version":2}},"categories":[8],"tags":[],"class_list":["post-84779","post","type-post","status-publish","format-standard","has-post-thumbnail","hentry","category-policiales"],"jetpack_publicize_connections":[],"jetpack_featured_media_url":"https:\/\/portalmovil.com.ar\/wp-content\/uploads\/2023\/10\/Ruta-11.webp","jetpack_sharing_enabled":true,"amp_enabled":true,"_links":{"self":[{"href":"https:\/\/portalmovil.com.ar\/index.php\/wp-json\/wp\/v2\/posts\/84779","targetHints":{"allow":["GET"]}}],"collection":[{"href":"https:\/\/portalmovil.com.ar\/index.php\/wp-json\/wp\/v2\/posts"}],"about":[{"href":"https:\/\/portalmovil.com.ar\/index.php\/wp-json\/wp\/v2\/types\/post"}],"author":[{"embeddable":true,"href":"https:\/\/portalmovil.com.ar\/index.php\/wp-json\/wp\/v2\/users\/6"}],"replies":[{"embeddable":true,"href":"https:\/\/portalmovil.com.ar\/index.php\/wp-json\/wp\/v2\/comments?post=84779"}],"version-history":[{"count":2,"href":"https:\/\/portalmovil.com.ar\/index.php\/wp-json\/wp\/v2\/posts\/84779\/revisions"}],"predecessor-version":[{"id":84783,"href":"https:\/\/portalmovil.com.ar\/index.php\/wp-json\/wp\/v2\/posts\/84779\/revisions\/84783"}],"wp:featuredmedia":[{"embeddable":true,"href":"https:\/\/portalmovil.com.ar\/index.php\/wp-json\/wp\/v2\/media\/84780"}],"wp:attachment":[{"href":"https:\/\/portalmovil.com.ar\/index.php\/wp-json\/wp\/v2\/media?parent=84779"}],"wp:term":[{"taxonomy":"category","embeddable":true,"href":"https:\/\/portalmovil.com.ar\/index.php\/wp-json\/wp\/v2\/categories?post=84779"},{"taxonomy":"post_tag","embeddable":true,"href":"https:\/\/portalmovil.com.ar\/index.php\/wp-json\/wp\/v2\/tags?post=84779"}],"curies":[{"name":"wp","href":"https:\/\/api.w.org\/{rel}","templated":true}]}}