{"id":84751,"date":"2023-10-13T12:49:00","date_gmt":"2023-10-13T15:49:00","guid":{"rendered":"https:\/\/portalmovil.com.ar\/?p=84751"},"modified":"2023-10-13T20:51:50","modified_gmt":"2023-10-13T23:51:50","slug":"el-fmi-alerto-que-la-situacion-economica-de-argentina-es-fragil-a-dias-de-las-elecciones","status":"publish","type":"post","link":"https:\/\/portalmovil.com.ar\/index.php\/2023\/10\/13\/el-fmi-alerto-que-la-situacion-economica-de-argentina-es-fragil-a-dias-de-las-elecciones\/","title":{"rendered":"El FMI alert\u00f3 que la situaci\u00f3n econ\u00f3mica de Argentina es fr\u00e1gil a d\u00edas de las elecciones"},"content":{"rendered":"\n<p><strong>El Fondo Monetario Internacional advirti\u00f3 este viernes que \u00abla situaci\u00f3n econ\u00f3mica y social de la Argentina es fr\u00e1gil\u00bb debido a la incertidumbre electoral<\/strong>&nbsp;y la vulnerabilidad a los shocks externos. a la vez que resalt\u00f3 que el pa\u00eds tiene oportunidades el sector minero y que se beneficiar\u00e1 de las mayores lluvias que traer\u00e1 \u00abEl ni\u00f1o\u00bb.<\/p>\n\n\n\n<p>El organismo multilateral public\u00f3 su informe de perspectivas sobre Am\u00e9rica Latina y el Caribe, y el director del departamento para el Hemisferio Occidental, Rodrigo Vald\u00e9s, brind\u00f3 una conferencia de prensa, acompa\u00f1ado por el subdirector del \u00e1rea, Nigel Chalk, y el director adjunto de ese departamento y jefe de la misi\u00f3n argentina, Luis Cubeddu.<\/p>\n\n\n\n<p>En ese marco,&nbsp;<strong>Valdes confirm\u00f3 que el FMI mantuvo charlas con los equipos econ\u00f3micos de los candidatos y anticip\u00f3 que seguir\u00e1n reuni\u00e9ndose en las pr\u00f3ximas semanas para \u00abentender mejor sus planes\u00bb<\/strong>, aunque&nbsp;<strong>aclar\u00f3 que en este momento est\u00e1n \u00abescuchando su visi\u00f3, pero no discutiendo nada\u00bb con esos equipos<\/strong>.<\/p>\n\n\n\n<p><strong>\u00abArgentina enfrenta desaf\u00edos muy importantes hoy, incluyendo alta y creciente inflaci\u00f3n y la baja cobertura de reservas en el contexto de una situaci\u00f3n social delicada. Abordar estos desaf\u00edos y salvaguardar la estabilidad requiere un plan fuerte y cre\u00edble e, idealmente, respaldado pol\u00edticamente por una amplia mayor\u00eda\u00bb,&nbsp;<\/strong>sostuvo Vald\u00e9s.<\/p>\n\n\n\n<p>En esa l\u00ednea,&nbsp;<strong>el representante del FMI asegur\u00f3 que \u00abeste plan tiene que estar anclado en un decisivo fortalecimiento de las finanzas p\u00fablicas, al mismo tiempo que proteja a los m\u00e1s vulnerables\u00bb.<\/strong><\/p>\n","protected":false},"excerpt":{"rendered":"<p>El Fondo Monetario Internacional advirti\u00f3 este viernes que \u00abla situaci\u00f3n econ\u00f3mica y social de la Argentina es fr\u00e1gil\u00bb debido a la incertidumbre electoral&nbsp;y la vulnerabilidad a los shocks externos. a la vez que resalt\u00f3 que el pa\u00eds tiene oportunidades el sector minero y que se beneficiar\u00e1 de las mayores lluvias que traer\u00e1 \u00abEl ni\u00f1o\u00bb. El &hellip;<\/p>\n","protected":false},"author":2,"featured_media":84752,"comment_status":"open","ping_status":"open","sticky":false,"template":"","format":"standard","meta":{"_jetpack_memberships_contains_paid_content":false,"footnotes":"","jetpack_publicize_message":"","jetpack_publicize_feature_enabled":true,"jetpack_social_post_already_shared":true,"jetpack_social_options":{"image_generator_settings":{"template":"highway","default_image_id":0,"font":"","enabled":false},"version":2}},"categories":[175,12],"tags":[],"class_list":["post-84751","post","type-post","status-publish","format-standard","has-post-thumbnail","hentry","category-economia","category-ultimo"],"jetpack_publicize_connections":[],"jetpack_featured_media_url":"https:\/\/portalmovil.com.ar\/wp-content\/uploads\/2023\/10\/65299a5cda94e__940x620.webp","jetpack_sharing_enabled":true,"amp_enabled":true,"_links":{"self":[{"href":"https:\/\/portalmovil.com.ar\/index.php\/wp-json\/wp\/v2\/posts\/84751","targetHints":{"allow":["GET"]}}],"collection":[{"href":"https:\/\/portalmovil.com.ar\/index.php\/wp-json\/wp\/v2\/posts"}],"about":[{"href":"https:\/\/portalmovil.com.ar\/index.php\/wp-json\/wp\/v2\/types\/post"}],"author":[{"embeddable":true,"href":"https:\/\/portalmovil.com.ar\/index.php\/wp-json\/wp\/v2\/users\/2"}],"replies":[{"embeddable":true,"href":"https:\/\/portalmovil.com.ar\/index.php\/wp-json\/wp\/v2\/comments?post=84751"}],"version-history":[{"count":1,"href":"https:\/\/portalmovil.com.ar\/index.php\/wp-json\/wp\/v2\/posts\/84751\/revisions"}],"predecessor-version":[{"id":84753,"href":"https:\/\/portalmovil.com.ar\/index.php\/wp-json\/wp\/v2\/posts\/84751\/revisions\/84753"}],"wp:featuredmedia":[{"embeddable":true,"href":"https:\/\/portalmovil.com.ar\/index.php\/wp-json\/wp\/v2\/media\/84752"}],"wp:attachment":[{"href":"https:\/\/portalmovil.com.ar\/index.php\/wp-json\/wp\/v2\/media?parent=84751"}],"wp:term":[{"taxonomy":"category","embeddable":true,"href":"https:\/\/portalmovil.com.ar\/index.php\/wp-json\/wp\/v2\/categories?post=84751"},{"taxonomy":"post_tag","embeddable":true,"href":"https:\/\/portalmovil.com.ar\/index.php\/wp-json\/wp\/v2\/tags?post=84751"}],"curies":[{"name":"wp","href":"https:\/\/api.w.org\/{rel}","templated":true}]}}