{"id":84209,"date":"2023-10-05T10:21:29","date_gmt":"2023-10-05T13:21:29","guid":{"rendered":"https:\/\/portalmovil.com.ar\/?p=84209"},"modified":"2023-10-05T10:21:32","modified_gmt":"2023-10-05T13:21:32","slug":"fundacion-conin-realizara-una-nueva-colecta-este-sabado-en-la-plaza-12-de-octubre","status":"publish","type":"post","link":"https:\/\/portalmovil.com.ar\/index.php\/2023\/10\/05\/fundacion-conin-realizara-una-nueva-colecta-este-sabado-en-la-plaza-12-de-octubre\/","title":{"rendered":"Fundaci\u00f3n CONIN realizar\u00e1 una nueva colecta este s\u00e1bado en la Plaza 12 de Octubre"},"content":{"rendered":"\n<p>Este s\u00e1bado 7 de octubre, desde las 9 hasta las 12 horas se realizar\u00e1 en la Plaza 12 de Octubre una nueva colecta solidaria para la prevenci\u00f3n de la Desnutrici\u00f3n Infantil.<\/p>\n\n\n\n<p>La misma, esta a cargo de Fundaci\u00f3n CONIN Gran Resistencia, en donde las donaciones pueden ser: leche deslactosada, leche en polvo, leche en entera en polvo, alimentos no perecederos.<\/p>\n\n\n\n<p>A su vez, para las personas que no puedan asistir a la plaza ubicada en la ciudad de Resistencia, desde la Fundaci\u00f3n comparten el n\u00famero de CBU para continuar con la labor de la instituci\u00f3n.<\/p>\n\n\n\n<p>Desde CONIN: \u00abEsperemos nos acompa\u00f1en, debido a la situaci\u00f3n econ\u00f3mica actual, acudimos a la ciudadan\u00eda para poder continuar con la tarea de Tratamiento y Prevenci\u00f3n de la Desnutrici\u00f3n Infantil\u00bb.<\/p>\n\n\n\n<p>Las actividades y m\u00e1s informaci\u00f3n se publican en las redes sociales de la instituci\u00f3n:<\/p>\n\n\n\n<p>Instagram: @coninbarranqueras<\/p>\n\n\n\n<p>Facebook: Amigos Conin Chaco<\/p>\n","protected":false},"excerpt":{"rendered":"<p>Desde las 9 hasta las 12 horas se realizar\u00e1 la nueva colecta solidaria para la prevenci\u00f3n de la Desnutrici\u00f3n Infantil.<\/p>\n","protected":false},"author":6,"featured_media":84210,"comment_status":"open","ping_status":"open","sticky":false,"template":"","format":"standard","meta":{"_jetpack_memberships_contains_paid_content":false,"footnotes":"","jetpack_publicize_message":"","jetpack_publicize_feature_enabled":true,"jetpack_social_post_already_shared":true,"jetpack_social_options":{"image_generator_settings":{"template":"highway","default_image_id":0,"font":"","enabled":false},"version":2}},"categories":[37,3],"tags":[],"class_list":["post-84209","post","type-post","status-publish","format-standard","has-post-thumbnail","hentry","category-resistencia","category-sociedad"],"jetpack_publicize_connections":[],"jetpack_featured_media_url":"https:\/\/portalmovil.com.ar\/wp-content\/uploads\/2023\/10\/Fundacion-CONIN.webp","jetpack_sharing_enabled":true,"amp_enabled":true,"_links":{"self":[{"href":"https:\/\/portalmovil.com.ar\/index.php\/wp-json\/wp\/v2\/posts\/84209","targetHints":{"allow":["GET"]}}],"collection":[{"href":"https:\/\/portalmovil.com.ar\/index.php\/wp-json\/wp\/v2\/posts"}],"about":[{"href":"https:\/\/portalmovil.com.ar\/index.php\/wp-json\/wp\/v2\/types\/post"}],"author":[{"embeddable":true,"href":"https:\/\/portalmovil.com.ar\/index.php\/wp-json\/wp\/v2\/users\/6"}],"replies":[{"embeddable":true,"href":"https:\/\/portalmovil.com.ar\/index.php\/wp-json\/wp\/v2\/comments?post=84209"}],"version-history":[{"count":1,"href":"https:\/\/portalmovil.com.ar\/index.php\/wp-json\/wp\/v2\/posts\/84209\/revisions"}],"predecessor-version":[{"id":84211,"href":"https:\/\/portalmovil.com.ar\/index.php\/wp-json\/wp\/v2\/posts\/84209\/revisions\/84211"}],"wp:featuredmedia":[{"embeddable":true,"href":"https:\/\/portalmovil.com.ar\/index.php\/wp-json\/wp\/v2\/media\/84210"}],"wp:attachment":[{"href":"https:\/\/portalmovil.com.ar\/index.php\/wp-json\/wp\/v2\/media?parent=84209"}],"wp:term":[{"taxonomy":"category","embeddable":true,"href":"https:\/\/portalmovil.com.ar\/index.php\/wp-json\/wp\/v2\/categories?post=84209"},{"taxonomy":"post_tag","embeddable":true,"href":"https:\/\/portalmovil.com.ar\/index.php\/wp-json\/wp\/v2\/tags?post=84209"}],"curies":[{"name":"wp","href":"https:\/\/api.w.org\/{rel}","templated":true}]}}