{"id":8402,"date":"2020-06-29T00:42:31","date_gmt":"2020-06-29T03:42:31","guid":{"rendered":"http:\/\/portalmovil.com.ar\/?p=8402"},"modified":"2020-06-29T00:42:36","modified_gmt":"2020-06-29T03:42:36","slug":"gines-gonzalez-administramos-bien-la-crisis-y-acepto-cualquier-cosa-menos-muertes","status":"publish","type":"post","link":"https:\/\/portalmovil.com.ar\/index.php\/2020\/06\/29\/gines-gonzalez-administramos-bien-la-crisis-y-acepto-cualquier-cosa-menos-muertes\/","title":{"rendered":"Gines Gonz\u00e1lez: \u201cAdministramos Bien\u201d La Crisis Y \u201cAcepto Cualquier Cosa Menos Muertes\u201d"},"content":{"rendered":"\n<p>El ministro de Salud, Gin\u00e9s Gonz\u00e1lez Garc\u00eda, dijo esta noche que se ha \u00abadministrado bien\u00bb la crisis por la pandemia del coronavirus debido a que \u00abregulamos el n\u00famero de casos\u00bb y agreg\u00f3 que acepta cualquier cosa \u00abmenos que tengamos muertes\u00bb porque se tome a la econom\u00eda como lo principal.<\/p>\n\n\n\n<p>\u00abAdministramos bien porque regulamos el n\u00famero de casos. Si no la pandemia te pasa por arriba\u00bb, dijo el ministro de Salud al canal de noticias TN y desestim\u00f3 asegurar que la nueva fase de aislamiento social que inicia este mi\u00e9rcoles el AMBA sea el \u00faltimo esfuerzo, porque \u00ablos que lo dijeron tuvieron que empezar de nuevo, como Nueva Zelanda, Israel, China o Jap\u00f3n, ya que el virus tiene comportamientos imprevisibles\u00bb.<\/p>\n\n\n\n<p>Gonz\u00e1lez Garc\u00eda tambi\u00e9n expres\u00f3 que \u00abno queremos ninguna vida que se pueda salvar que no se salve. Acepto cualquier cosa menos que tengamos muertes porque la econom\u00eda es lo principal\u00bb, en referencia a cuestionamientos sobre los efectos econ\u00f3micos de la cuarentena en la sociedad.<\/p>\n\n\n\n<p>\u00abNo me preocupan que digan que hacemos la cuarentena prolongada. No hay nada que tenga mejor efecto que la cuarentena. No nos alegra, entendemos el da\u00f1o en la econom\u00eda, que lo hace la pandemia y no el aislamiento\u00bb, asegur\u00f3.<\/p>\n\n\n\n<p>El titular de la cartera de Salud consider\u00f3 que \u00abla estrategia ha sido muy buena por aciertos nuestros, por el compromiso\u00bb de la sociedad y por aprender de los otros, con lo que somos de los tres pa\u00edses de Am\u00e9rica con menos consecuencia de casos\u00bb.<\/p>\n","protected":false},"excerpt":{"rendered":"<p>El ministro de Salud, Gin\u00e9s Gonz\u00e1lez Garc\u00eda, dijo esta noche que se ha \u00abadministrado bien\u00bb la crisis por la pandemia del coronavirus debido a que \u00abregulamos el n\u00famero de casos\u00bb y agreg\u00f3 que acepta cualquier cosa \u00abmenos que tengamos muertes\u00bb porque se tome a la econom\u00eda como lo principal. \u00abAdministramos bien porque regulamos el n\u00famero &hellip;<\/p>\n","protected":false},"author":2,"featured_media":8403,"comment_status":"open","ping_status":"open","sticky":false,"template":"","format":"standard","meta":{"_jetpack_memberships_contains_paid_content":false,"footnotes":"","jetpack_publicize_message":"","jetpack_publicize_feature_enabled":true,"jetpack_social_post_already_shared":true,"jetpack_social_options":{"image_generator_settings":{"template":"highway","default_image_id":0,"font":"","enabled":false},"version":2}},"categories":[34,12],"tags":[],"class_list":["post-8402","post","type-post","status-publish","format-standard","has-post-thumbnail","hentry","category-nacional","category-ultimo"],"jetpack_publicize_connections":[],"jetpack_featured_media_url":"https:\/\/portalmovil.com.ar\/wp-content\/uploads\/2020\/06\/Gines-Gonzalez-Garcia-1024x576-1.jpg","jetpack_sharing_enabled":true,"amp_enabled":true,"_links":{"self":[{"href":"https:\/\/portalmovil.com.ar\/index.php\/wp-json\/wp\/v2\/posts\/8402","targetHints":{"allow":["GET"]}}],"collection":[{"href":"https:\/\/portalmovil.com.ar\/index.php\/wp-json\/wp\/v2\/posts"}],"about":[{"href":"https:\/\/portalmovil.com.ar\/index.php\/wp-json\/wp\/v2\/types\/post"}],"author":[{"embeddable":true,"href":"https:\/\/portalmovil.com.ar\/index.php\/wp-json\/wp\/v2\/users\/2"}],"replies":[{"embeddable":true,"href":"https:\/\/portalmovil.com.ar\/index.php\/wp-json\/wp\/v2\/comments?post=8402"}],"version-history":[{"count":1,"href":"https:\/\/portalmovil.com.ar\/index.php\/wp-json\/wp\/v2\/posts\/8402\/revisions"}],"predecessor-version":[{"id":8404,"href":"https:\/\/portalmovil.com.ar\/index.php\/wp-json\/wp\/v2\/posts\/8402\/revisions\/8404"}],"wp:featuredmedia":[{"embeddable":true,"href":"https:\/\/portalmovil.com.ar\/index.php\/wp-json\/wp\/v2\/media\/8403"}],"wp:attachment":[{"href":"https:\/\/portalmovil.com.ar\/index.php\/wp-json\/wp\/v2\/media?parent=8402"}],"wp:term":[{"taxonomy":"category","embeddable":true,"href":"https:\/\/portalmovil.com.ar\/index.php\/wp-json\/wp\/v2\/categories?post=8402"},{"taxonomy":"post_tag","embeddable":true,"href":"https:\/\/portalmovil.com.ar\/index.php\/wp-json\/wp\/v2\/tags?post=8402"}],"curies":[{"name":"wp","href":"https:\/\/api.w.org\/{rel}","templated":true}]}}