{"id":84004,"date":"2023-10-02T19:43:25","date_gmt":"2023-10-02T22:43:25","guid":{"rendered":"https:\/\/portalmovil.com.ar\/?p=84004"},"modified":"2023-10-02T19:43:27","modified_gmt":"2023-10-02T22:43:27","slug":"solicitaron-el-jury-para-la-asesora-de-ninos-ninas-y-adolescentes-n-6-de-resistencia","status":"publish","type":"post","link":"https:\/\/portalmovil.com.ar\/index.php\/2023\/10\/02\/solicitaron-el-jury-para-la-asesora-de-ninos-ninas-y-adolescentes-n-6-de-resistencia\/","title":{"rendered":"Solicitaron el Jury para la asesora de Ni\u00f1os, Ni\u00f1as y Adolescentes n\u00b0 6 de Resistencia"},"content":{"rendered":"\n<p>Este Lunes, Alejandro Segovia, referente de la O.N.G. Infancia Compartida, formul\u00f3 una presentaci\u00f3n ante el Consejo de la Magistratura y Jurado de Enjuiciamiento tendiente a iniciar el tr\u00e1mite de juicio pol\u00edtico en contra de la Asesora de Ni\u00f1os, Ni\u00f1as y Adolescentes N\u00b0 6, por mal desempe\u00f1o de sus funciones.<\/p>\n\n\n\n<figure class=\"wp-block-image size-large\"><img loading=\"lazy\" decoding=\"async\" width=\"575\" height=\"1024\" src=\"https:\/\/portalmovil.com.ar\/wp-content\/uploads\/2023\/10\/IMG-20231002-WA0104-575x1024.jpg\" alt=\"\" class=\"wp-image-84005\" srcset=\"https:\/\/portalmovil.com.ar\/wp-content\/uploads\/2023\/10\/IMG-20231002-WA0104-575x1024.jpg 575w, https:\/\/portalmovil.com.ar\/wp-content\/uploads\/2023\/10\/IMG-20231002-WA0104-169x300.jpg 169w, https:\/\/portalmovil.com.ar\/wp-content\/uploads\/2023\/10\/IMG-20231002-WA0104-768x1367.jpg 768w, https:\/\/portalmovil.com.ar\/wp-content\/uploads\/2023\/10\/IMG-20231002-WA0104-863x1536.jpg 863w, https:\/\/portalmovil.com.ar\/wp-content\/uploads\/2023\/10\/IMG-20231002-WA0104.jpg 899w\" sizes=\"auto, (max-width: 575px) 100vw, 575px\" \/><\/figure>\n\n\n\n<p>Fundament\u00f3 el mismo diciendo que en el mes de junio, obtuvo una medida cautelar del Juzgado de N.A.F. N\u00b0 6 por medio de la cual se lo otorg\u00f3 un r\u00e9gimen de comunicaci\u00f3n con su ni\u00f1a, pero que en el mismo mes se anotici\u00f3 de otra medida que le prohib\u00eda el acercamiento a su hija. Esta ultima resoluci\u00f3n, &nbsp;dictada por la jueza a cargo del Juzgado de N.A.F. N\u00b0 4.<\/p>\n\n\n\n<p>Segovia denunci\u00f3 que esta ins\u00f3lita situaci\u00f3n tuvo tres pilares fundamentales: una falsa denuncia, un falso informe psicol\u00f3gico, y una deficiente actividad de la Asesora de Ni\u00f1os, Ni\u00f1as y Adolescentes N\u00b0 6, Dra. Patricia Zamudio. En ese sentido, dijo que esta ultima funcionaria emiti\u00f3 un dictamen de molde, sin siquiera o\u00edr ni entrevistarse jam\u00e1s con su hija, cuesti\u00f3n a la que est\u00e1 obligada conforme la Convenci\u00f3n de los Derechos del Ni\u00f1o y la Ley 26.061 de protecci\u00f3n integral de los mismos. Y as\u00ed, dijo, la Asesora denunciada emiti\u00f3 un dictamen de solo cuatro renglones con los que dio por tierra toda esperanza de tener contacto con su hija.<\/p>\n\n\n\n<p>Segovia hizo hincapi\u00e9 en que esta funcionaria judicial jam\u00e1s tuvo contacto con su hija, no escuch\u00f3 su opini\u00f3n -aun estando obligada a ello- y emiti\u00f3 dictamen en supuesto resguardo de la integridad de la ni\u00f1a, cuando dicha funci\u00f3n no le ha sido atribuida.<\/p>\n","protected":false},"excerpt":{"rendered":"<p>Este Lunes, Alejandro Segovia, referente de la O.N.G. Infancia Compartida, formul\u00f3 una presentaci\u00f3n ante el Consejo de la Magistratura y Jurado de Enjuiciamiento tendiente a iniciar el tr\u00e1mite de juicio pol\u00edtico en contra de la Asesora de Ni\u00f1os, Ni\u00f1as y Adolescentes N\u00b0 6, por mal desempe\u00f1o de sus funciones. Fundament\u00f3 el mismo diciendo que en &hellip;<\/p>\n","protected":false},"author":2,"featured_media":84006,"comment_status":"open","ping_status":"open","sticky":false,"template":"","format":"standard","meta":{"_jetpack_memberships_contains_paid_content":false,"footnotes":"","jetpack_publicize_message":"","jetpack_publicize_feature_enabled":true,"jetpack_social_post_already_shared":true,"jetpack_social_options":{"image_generator_settings":{"template":"highway","default_image_id":0,"font":"","enabled":false},"version":2}},"categories":[5,50],"tags":[],"class_list":["post-84004","post","type-post","status-publish","format-standard","has-post-thumbnail","hentry","category-chaco","category-judiciales"],"jetpack_publicize_connections":[],"jetpack_featured_media_url":"https:\/\/portalmovil.com.ar\/wp-content\/uploads\/2023\/10\/320216w750h510c.jpg.webp","jetpack_sharing_enabled":true,"amp_enabled":true,"_links":{"self":[{"href":"https:\/\/portalmovil.com.ar\/index.php\/wp-json\/wp\/v2\/posts\/84004","targetHints":{"allow":["GET"]}}],"collection":[{"href":"https:\/\/portalmovil.com.ar\/index.php\/wp-json\/wp\/v2\/posts"}],"about":[{"href":"https:\/\/portalmovil.com.ar\/index.php\/wp-json\/wp\/v2\/types\/post"}],"author":[{"embeddable":true,"href":"https:\/\/portalmovil.com.ar\/index.php\/wp-json\/wp\/v2\/users\/2"}],"replies":[{"embeddable":true,"href":"https:\/\/portalmovil.com.ar\/index.php\/wp-json\/wp\/v2\/comments?post=84004"}],"version-history":[{"count":1,"href":"https:\/\/portalmovil.com.ar\/index.php\/wp-json\/wp\/v2\/posts\/84004\/revisions"}],"predecessor-version":[{"id":84007,"href":"https:\/\/portalmovil.com.ar\/index.php\/wp-json\/wp\/v2\/posts\/84004\/revisions\/84007"}],"wp:featuredmedia":[{"embeddable":true,"href":"https:\/\/portalmovil.com.ar\/index.php\/wp-json\/wp\/v2\/media\/84006"}],"wp:attachment":[{"href":"https:\/\/portalmovil.com.ar\/index.php\/wp-json\/wp\/v2\/media?parent=84004"}],"wp:term":[{"taxonomy":"category","embeddable":true,"href":"https:\/\/portalmovil.com.ar\/index.php\/wp-json\/wp\/v2\/categories?post=84004"},{"taxonomy":"post_tag","embeddable":true,"href":"https:\/\/portalmovil.com.ar\/index.php\/wp-json\/wp\/v2\/tags?post=84004"}],"curies":[{"name":"wp","href":"https:\/\/api.w.org\/{rel}","templated":true}]}}