{"id":83653,"date":"2023-09-26T20:49:04","date_gmt":"2023-09-26T23:49:04","guid":{"rendered":"https:\/\/portalmovil.com.ar\/?p=83653"},"modified":"2023-09-26T20:49:06","modified_gmt":"2023-09-26T23:49:06","slug":"otro-operativo-de-seguridad-con-mas-de-250-efectivos-para-prevencion","status":"publish","type":"post","link":"https:\/\/portalmovil.com.ar\/index.php\/2023\/09\/26\/otro-operativo-de-seguridad-con-mas-de-250-efectivos-para-prevencion\/","title":{"rendered":"Otro operativo de seguridad con m\u00e1s de 250 efectivos para prevenci\u00f3n"},"content":{"rendered":"\n<p><img decoding=\"async\" alt=\"facebook sharing button\" src=\"https:\/\/platform-cdn.sharethis.com\/img\/facebook.svg\">&nbsp;Compartir<\/p>\n\n\n\n<p><img decoding=\"async\" alt=\"twitter sharing button\" src=\"https:\/\/platform-cdn.sharethis.com\/img\/twitter.svg\">&nbsp;Twittear<\/p>\n\n\n\n<p><img decoding=\"async\" alt=\"email sharing button\" src=\"https:\/\/platform-cdn.sharethis.com\/img\/email.svg\">&nbsp;Correo electr\u00f3nico<\/p>\n\n\n\n<p><img decoding=\"async\" alt=\"whatsapp sharing button\" src=\"https:\/\/platform-cdn.sharethis.com\/img\/whatsapp.svg\">&nbsp;Compartir<\/p>\n\n\n\n<p>La Polic\u00eda del Chaco inici\u00f3 otro operativo de seguridad con m\u00e1s de 250 efectivos para prevenci\u00f3n. Varias unidades especiales y ordinarias trabajan desde este martes.<\/p>\n\n\n\n<p><strong>El operativo inici\u00f3 a eso de las 16:30 en la esquina de avenida 9 de Julio y calle 14 de Resistencia. Desde all\u00ed, m\u00e1s de 250 efectivos se unieron para recorrer los barrios Villa Jard\u00edn, Villa San Juan, Villa Teniente Saavedra, La Fabril, Roger Balet, Villa General Mitre, Villa D\u00f3novan y Villa Los Lirios.<\/strong><\/p>\n\n\n\n<p>Adem\u00e1s de las tareas de prevenci\u00f3n, este operativo busca coordinar un acercamiento a la comunidad para escuchar su punto de vista en materia de seguridad y accionar eficazmente en base a sus reclamos.<\/p>\n\n\n\n<p><strong>En esta tarea participan agentes de la Direcciones Generales de Seguridad Metropolitana, Consumos Problem\u00e1ticos, Investigaciones y Seguridad Rural y Ambiental. Adem\u00e1s, se sumar\u00e1n agentes del C.O.E., Caballer\u00eda, Infanter\u00eda y de las Comisar\u00edas Primera, Segunda, Tercera, Quinta, Sexta, S\u00e9ptima, Octava, Novena, D\u00e9cima, Duod\u00e9cima y Decimotercera de Resistencia.<\/strong><\/p>\n","protected":false},"excerpt":{"rendered":"<p>&nbsp;Compartir &nbsp;Twittear &nbsp;Correo electr\u00f3nico &nbsp;Compartir La Polic\u00eda del Chaco inici\u00f3 otro operativo de seguridad con m\u00e1s de 250 efectivos para prevenci\u00f3n. Varias unidades especiales y ordinarias trabajan desde este martes. El operativo inici\u00f3 a eso de las 16:30 en la esquina de avenida 9 de Julio y calle 14 de Resistencia. Desde all\u00ed, m\u00e1s de &hellip;<\/p>\n","protected":false},"author":2,"featured_media":83654,"comment_status":"open","ping_status":"open","sticky":false,"template":"","format":"standard","meta":{"_jetpack_memberships_contains_paid_content":false,"footnotes":"","jetpack_publicize_message":"","jetpack_publicize_feature_enabled":true,"jetpack_social_post_already_shared":true,"jetpack_social_options":{"image_generator_settings":{"template":"highway","default_image_id":0,"font":"","enabled":false},"version":2}},"categories":[8,37],"tags":[],"class_list":["post-83653","post","type-post","status-publish","format-standard","has-post-thumbnail","hentry","category-policiales","category-resistencia"],"jetpack_publicize_connections":[],"jetpack_featured_media_url":"https:\/\/portalmovil.com.ar\/wp-content\/uploads\/2023\/09\/65135b1525b59937172559.jpg","jetpack_sharing_enabled":true,"amp_enabled":true,"_links":{"self":[{"href":"https:\/\/portalmovil.com.ar\/index.php\/wp-json\/wp\/v2\/posts\/83653","targetHints":{"allow":["GET"]}}],"collection":[{"href":"https:\/\/portalmovil.com.ar\/index.php\/wp-json\/wp\/v2\/posts"}],"about":[{"href":"https:\/\/portalmovil.com.ar\/index.php\/wp-json\/wp\/v2\/types\/post"}],"author":[{"embeddable":true,"href":"https:\/\/portalmovil.com.ar\/index.php\/wp-json\/wp\/v2\/users\/2"}],"replies":[{"embeddable":true,"href":"https:\/\/portalmovil.com.ar\/index.php\/wp-json\/wp\/v2\/comments?post=83653"}],"version-history":[{"count":1,"href":"https:\/\/portalmovil.com.ar\/index.php\/wp-json\/wp\/v2\/posts\/83653\/revisions"}],"predecessor-version":[{"id":83655,"href":"https:\/\/portalmovil.com.ar\/index.php\/wp-json\/wp\/v2\/posts\/83653\/revisions\/83655"}],"wp:featuredmedia":[{"embeddable":true,"href":"https:\/\/portalmovil.com.ar\/index.php\/wp-json\/wp\/v2\/media\/83654"}],"wp:attachment":[{"href":"https:\/\/portalmovil.com.ar\/index.php\/wp-json\/wp\/v2\/media?parent=83653"}],"wp:term":[{"taxonomy":"category","embeddable":true,"href":"https:\/\/portalmovil.com.ar\/index.php\/wp-json\/wp\/v2\/categories?post=83653"},{"taxonomy":"post_tag","embeddable":true,"href":"https:\/\/portalmovil.com.ar\/index.php\/wp-json\/wp\/v2\/tags?post=83653"}],"curies":[{"name":"wp","href":"https:\/\/api.w.org\/{rel}","templated":true}]}}