{"id":83649,"date":"2023-09-26T20:28:11","date_gmt":"2023-09-26T23:28:11","guid":{"rendered":"https:\/\/portalmovil.com.ar\/?p=83649"},"modified":"2023-09-26T20:28:13","modified_gmt":"2023-09-26T23:28:13","slug":"se-realizo-una-nueva-edicion-del-taco-fest-en-el-parque-de-la-democracia","status":"publish","type":"post","link":"https:\/\/portalmovil.com.ar\/index.php\/2023\/09\/26\/se-realizo-una-nueva-edicion-del-taco-fest-en-el-parque-de-la-democracia\/","title":{"rendered":"Se realiz\u00f3 una nueva edici\u00f3n del \u00abTaco Fest\u00bb en el Parque de la Democracia"},"content":{"rendered":"\n<p>El Parque de la Democracia fue escenario para el Taco Fest, evento gastron\u00f3mico que cont\u00f3 con el apoyo del Municipio de Resistencia. El mismo cont\u00f3 con m\u00e1s de 100 emprendimientos de todos los tipos, m\u00fasica y diferentes propuestas recreativas.<\/p>\n\n\n\n<p>Al respecto habl\u00f3 Alfredo Blanco, coordinador de Relaciones con Instituciones de la Comunidad: \u00abFue un gran evento y con un clima primaveral que nos acompa\u00f1\u00f3, hubo gran cantidad de emprendedores y la gente se sum\u00f3\u00bb.<\/p>\n\n\n\n<p>\u00abEl taco fue el protagonista, esta comida mexicana que tanto gusta y que se disfrut\u00f3 con otros eventos, adem\u00e1s de shows musicales en este espacio que eligi\u00f3 la gente como es el Parque de la Democracia\u00bb, subray\u00f3.<\/p>\n\n\n\n<p>Adem\u00e1s, Blanco valor\u00f3 el apoyo municipal al decir que \u00abse acompa\u00f1a a la gente que busca alternativas para pasar esta dif\u00edcil situaci\u00f3n econ\u00f3mica, esta gesti\u00f3n lo hace desde el inicio con el compromiso de generar movidas que beneficie a los emprendedores\u00bb.<\/p>\n\n\n\n<p>Por su parte, Lucas Gonz\u00e1lez, de la fundaci\u00f3n \u00abAlas para emprender\u00bb, expres\u00f3: \u00abRealizamos una serie de eventos gastron\u00f3micos a lo largo del a\u00f1o, ahora decidimos rendir homenaje al taco, una de las comidas m\u00e1s pedidas en las ferias de emprendedores y permite visibilizar lo que hacen los gastron\u00f3micos y por eso estoy muy agradecido al intendente Mart\u00ednez por su apoyo desde el d\u00eda 0\u00bb.<\/p>\n\n\n\n<p>Mientras que Mar\u00eda Pacheco, con su propuesta \u00abReina Food\u00bb, dijo: \u00abMe encanta, es una salida laboral y una distracci\u00f3n, por eso valoro lo que hace el Municipio y pido al o a la que venga que contin\u00fae con este apoyo\u00bb.<\/p>\n","protected":false},"excerpt":{"rendered":"<p>El Parque de la Democracia fue escenario para el Taco Fest, evento gastron\u00f3mico que cont\u00f3 con el apoyo del Municipio de Resistencia. El mismo cont\u00f3 con m\u00e1s de 100 emprendimientos de todos los tipos, m\u00fasica y diferentes propuestas recreativas. Al respecto habl\u00f3 Alfredo Blanco, coordinador de Relaciones con Instituciones de la Comunidad: \u00abFue un gran &hellip;<\/p>\n","protected":false},"author":2,"featured_media":83650,"comment_status":"open","ping_status":"open","sticky":false,"template":"","format":"standard","meta":{"_jetpack_memberships_contains_paid_content":false,"footnotes":"","jetpack_publicize_message":"","jetpack_publicize_feature_enabled":true,"jetpack_social_post_already_shared":true,"jetpack_social_options":{"image_generator_settings":{"template":"highway","default_image_id":0,"font":"","enabled":false},"version":2}},"categories":[37],"tags":[],"class_list":["post-83649","post","type-post","status-publish","format-standard","has-post-thumbnail","hentry","category-resistencia"],"jetpack_publicize_connections":[],"jetpack_featured_media_url":"https:\/\/portalmovil.com.ar\/wp-content\/uploads\/2023\/09\/586302w850h567c.jpg.webp","jetpack_sharing_enabled":true,"amp_enabled":true,"_links":{"self":[{"href":"https:\/\/portalmovil.com.ar\/index.php\/wp-json\/wp\/v2\/posts\/83649","targetHints":{"allow":["GET"]}}],"collection":[{"href":"https:\/\/portalmovil.com.ar\/index.php\/wp-json\/wp\/v2\/posts"}],"about":[{"href":"https:\/\/portalmovil.com.ar\/index.php\/wp-json\/wp\/v2\/types\/post"}],"author":[{"embeddable":true,"href":"https:\/\/portalmovil.com.ar\/index.php\/wp-json\/wp\/v2\/users\/2"}],"replies":[{"embeddable":true,"href":"https:\/\/portalmovil.com.ar\/index.php\/wp-json\/wp\/v2\/comments?post=83649"}],"version-history":[{"count":2,"href":"https:\/\/portalmovil.com.ar\/index.php\/wp-json\/wp\/v2\/posts\/83649\/revisions"}],"predecessor-version":[{"id":83652,"href":"https:\/\/portalmovil.com.ar\/index.php\/wp-json\/wp\/v2\/posts\/83649\/revisions\/83652"}],"wp:featuredmedia":[{"embeddable":true,"href":"https:\/\/portalmovil.com.ar\/index.php\/wp-json\/wp\/v2\/media\/83650"}],"wp:attachment":[{"href":"https:\/\/portalmovil.com.ar\/index.php\/wp-json\/wp\/v2\/media?parent=83649"}],"wp:term":[{"taxonomy":"category","embeddable":true,"href":"https:\/\/portalmovil.com.ar\/index.php\/wp-json\/wp\/v2\/categories?post=83649"},{"taxonomy":"post_tag","embeddable":true,"href":"https:\/\/portalmovil.com.ar\/index.php\/wp-json\/wp\/v2\/tags?post=83649"}],"curies":[{"name":"wp","href":"https:\/\/api.w.org\/{rel}","templated":true}]}}