{"id":83636,"date":"2023-09-26T07:06:00","date_gmt":"2023-09-26T10:06:00","guid":{"rendered":"https:\/\/portalmovil.com.ar\/?p=83636"},"modified":"2023-09-26T19:07:44","modified_gmt":"2023-09-26T22:07:44","slug":"nuevo-ife-2023-para-trabajadores-informales-94-000-en-dos-cuotas","status":"publish","type":"post","link":"https:\/\/portalmovil.com.ar\/index.php\/2023\/09\/26\/nuevo-ife-2023-para-trabajadores-informales-94-000-en-dos-cuotas\/","title":{"rendered":"\u00a0\u00abNuevo IFE 2023\u00bb para trabajadores informales: $94.000 en dos cuotas"},"content":{"rendered":"\n<p>El ministro de Econom\u00eda de la Naci\u00f3n y candidato a presidente, Sergio Massa, anunci\u00f3 este martes&nbsp;<strong>una ayuda econ\u00f3mica -similar al IFE- para trabajadores informales, que consistir\u00e1 en un bono de 94.000 pesos pagaderos en dos cuotas (octubre y noviembre).<\/strong><\/p>\n\n\n\n<p>El beneficio ser\u00e1 financiado por el cobro de un anticipo extraordinario de ganancias a grandes contribuyentes, sustivo el funcionario, que estuvo acompa\u00f1ado por la directora ejecutiva de la Anses, Fernanda Raverta.<\/p>\n\n\n\n<p>Se estima que&nbsp;<strong>el universo de personas beneficiadas por esta ayuda ser\u00e1 de unos 3 millones personas<\/strong>.<\/p>\n\n\n\n<p><strong>El refuerzo podr\u00e1n recibirlo para trabajadores informales de entre 18 y 64 a\u00f1os, que no cuentan con ingresos registrados ni perciben ning\u00fan tipo de asistencia econ\u00f3mica del Estado.<\/strong><\/p>\n\n\n\n<p>A diferencia de la primera versi\u00f3n del IFE,&nbsp;<strong>este refuerzo econ\u00f3mico no ser\u00e1 percibido por personas que cuenten con alg\u00fan tipo de asistencia estatal<\/strong>. Es decir, no incluir\u00e1 a los beneficiarios de Asignaci\u00f3n Universal por Hijo (AUH), las becas Progresar o el Potenciar Trabajo.<\/p>\n\n\n\n<p>Cabe recordar que cuando se otorg\u00f3 el IFE, se alcanz\u00f3 a m\u00e1s de 9 millones de personas y signific\u00f3 un costo fiscal de 0,77% .<\/p>\n\n\n\n<h2 class=\"wp-block-heading\">C\u00d3MO ANOTARSE PARA COBRAR EL NUEVO IFE 2023<\/h2>\n\n\n\n<p><strong>Los interesados podr\u00e1n inscribirse a partir de este mi\u00e9rcoles 27 de septiembre, a las 14 horas y durante todo el mes de octubre.<\/strong><\/p>\n\n\n\n<p>La inscripci\u00f3n tambi\u00e9n se podr\u00e1 realizar exclusivamente a trav\u00e9s de la web del organismo&nbsp;<a href=\"http:\/\/www.anses.gob.ar\/\">www.anses.gob.ar<\/a>&nbsp;o de la aplicaci\u00f3n Mi ANSES, todos los d\u00edas de 14 a 22 horas.<\/p>\n\n\n\n<p>\u00abDesde las dos de la tarde va a estar abierta la inscripci\u00f3n por Internet, a trav\u00e9s de la p\u00e1gina de Anses con la clave de la seguridad social, con una cuenta bancaria a tu nombre. Si no la ten\u00e9s, el banco la va a tramitar\u00bb, dijo Fernanda Raverta, que detall\u00f3 que la inscripci\u00f3n estar\u00e1 abierta \u00abtodos los d\u00edas\u00bb hasta \u00ablas diez de la noche\u00bb.<\/p>\n\n\n\n<p><strong>No podr\u00e1n acceder personas que tengan:<\/strong><\/p>\n\n\n\n<ul class=\"wp-block-list\">\n<li>Trabajo registrado (relaci\u00f3n de dependencia, aut\u00f3nomos, monotributo, monotributo social y casas particulares).<\/li>\n\n\n\n<li>Jubilaci\u00f3n o pensi\u00f3n.<\/li>\n\n\n\n<li>AUH, AUE, Asignaciones familiares o Progresar.<\/li>\n\n\n\n<li>Planes sociales (por ejemplo, Potenciar Trabajo).<\/li>\n\n\n\n<li>Prestaci\u00f3n por desempleo.<\/li>\n<\/ul>\n\n\n\n<p>Para recibir esta ayuda, ANSES realizar\u00e1 una evaluaci\u00f3n socioecon\u00f3mica y patrimonial (consumo, bienes, cobertura de salud, etc.) de los solicitantes.<\/p>\n","protected":false},"excerpt":{"rendered":"<p>El ministro de Econom\u00eda de la Naci\u00f3n y candidato a presidente, Sergio Massa, anunci\u00f3 este martes&nbsp;una ayuda econ\u00f3mica -similar al IFE- para trabajadores informales, que consistir\u00e1 en un bono de 94.000 pesos pagaderos en dos cuotas (octubre y noviembre). El beneficio ser\u00e1 financiado por el cobro de un anticipo extraordinario de ganancias a grandes contribuyentes, &hellip;<\/p>\n","protected":false},"author":2,"featured_media":8797,"comment_status":"open","ping_status":"open","sticky":false,"template":"","format":"standard","meta":{"_jetpack_memberships_contains_paid_content":false,"footnotes":"","jetpack_publicize_message":"","jetpack_publicize_feature_enabled":true,"jetpack_social_post_already_shared":true,"jetpack_social_options":{"image_generator_settings":{"template":"highway","default_image_id":0,"font":"","enabled":false},"version":2}},"categories":[639,14,12],"tags":[],"class_list":["post-83636","post","type-post","status-publish","format-standard","has-post-thumbnail","hentry","category-argentina","category-politica","category-ultimo"],"jetpack_publicize_connections":[],"jetpack_featured_media_url":"https:\/\/portalmovil.com.ar\/wp-content\/uploads\/2020\/07\/IFE_234_1592235852_1593520938_1594036005.jpg","jetpack_sharing_enabled":true,"amp_enabled":true,"_links":{"self":[{"href":"https:\/\/portalmovil.com.ar\/index.php\/wp-json\/wp\/v2\/posts\/83636","targetHints":{"allow":["GET"]}}],"collection":[{"href":"https:\/\/portalmovil.com.ar\/index.php\/wp-json\/wp\/v2\/posts"}],"about":[{"href":"https:\/\/portalmovil.com.ar\/index.php\/wp-json\/wp\/v2\/types\/post"}],"author":[{"embeddable":true,"href":"https:\/\/portalmovil.com.ar\/index.php\/wp-json\/wp\/v2\/users\/2"}],"replies":[{"embeddable":true,"href":"https:\/\/portalmovil.com.ar\/index.php\/wp-json\/wp\/v2\/comments?post=83636"}],"version-history":[{"count":1,"href":"https:\/\/portalmovil.com.ar\/index.php\/wp-json\/wp\/v2\/posts\/83636\/revisions"}],"predecessor-version":[{"id":83637,"href":"https:\/\/portalmovil.com.ar\/index.php\/wp-json\/wp\/v2\/posts\/83636\/revisions\/83637"}],"wp:featuredmedia":[{"embeddable":true,"href":"https:\/\/portalmovil.com.ar\/index.php\/wp-json\/wp\/v2\/media\/8797"}],"wp:attachment":[{"href":"https:\/\/portalmovil.com.ar\/index.php\/wp-json\/wp\/v2\/media?parent=83636"}],"wp:term":[{"taxonomy":"category","embeddable":true,"href":"https:\/\/portalmovil.com.ar\/index.php\/wp-json\/wp\/v2\/categories?post=83636"},{"taxonomy":"post_tag","embeddable":true,"href":"https:\/\/portalmovil.com.ar\/index.php\/wp-json\/wp\/v2\/tags?post=83636"}],"curies":[{"name":"wp","href":"https:\/\/api.w.org\/{rel}","templated":true}]}}