{"id":83629,"date":"2023-09-26T14:45:32","date_gmt":"2023-09-26T17:45:32","guid":{"rendered":"https:\/\/portalmovil.com.ar\/?p=83629"},"modified":"2023-09-26T14:52:28","modified_gmt":"2023-09-26T17:52:28","slug":"evaluan-la-posibilidad-que-los-asesinos-de-cecilia-se-puedan-revincular","status":"publish","type":"post","link":"https:\/\/portalmovil.com.ar\/index.php\/2023\/09\/26\/evaluan-la-posibilidad-que-los-asesinos-de-cecilia-se-puedan-revincular\/","title":{"rendered":"Eval\u00faan la posibilidad que los asesinos de Cecilia se puedan revincular"},"content":{"rendered":"\n<p>El Equipo Fiscal Especial que interviene en la causa de Cecilia Strzyzowsky se encuentra evaluando la posibilidad de revinculaci\u00f3n de la familia Sena, integrada por Marcela Acu\u00f1a, Emerenciano Sena y C\u00e9sar Sena.&nbsp;<\/p>\n\n\n\n<p>En declaraciones televisivas, la fiscal Nelia Vel\u00e1zquez explic\u00f3 que el equipo fiscal a comenzado a evaluar esta posibilidad basado en la recomendaci\u00f3n del Comit\u00e9 de Prevenci\u00f3n de la\u00a0 Tortura para solicitar la revinculaci\u00f3n de la familia compuesta por Emerenciano, Marcela y C\u00e9sar.\u00a0<\/p>\n\n\n\n<p>\u201cEl equipo fiscal ha iniciado el tr\u00e1mite para evaluar la viabilidad de esta revinculaci\u00f3n futura. Se solicitar\u00e1 una junta interdisciplinaria multisectorial integrada por profesionales de distintas dependencias, incluyendo el Poder Judicial y el Hospital Perrando, para evaluar las condiciones de los involucrados y determinar la posibilidad de la revinculaci\u00f3n\u201d, dijo Velazquez.<\/p>\n\n\n\n<p>En este contexto explic\u00f3 que \u201cse deben considerar los derechos y garant\u00edas de los imputados y las personas privadas de libertad, as\u00ed como dar tr\u00e1mite a las medidas y recomendaciones solicitadas en el expediente\u201d.&nbsp;<\/p>\n\n\n\n<p>Este tr\u00e1mite consta de varias etapas, que incluyen la evaluaci\u00f3n de las condiciones en las dependencias correspondientes, ya sea en la comisar\u00eda o en el servicio penitenciario.\u00a0\u201cEl equipo fiscal analizar\u00e1 todas estas etapas y tomar\u00e1 la decisi\u00f3n final\u201d, resalt\u00f3.<\/p>\n\n\n\n<p>Por su parte, el fiscal Jorge C\u00e1ceres Olivera que tambien integra el Equipo Fiscal Especial aclar\u00f3 que actualmente los imputados no est\u00e1n incomunicados y tienen acceso libre a visitas de familiares y amigos.&nbsp;<\/p>\n\n\n\n<p>\u201cInicialmente, se tom\u00f3 la decisi\u00f3n de mantener la incomunicaci\u00f3n entre los tres imputados para evitar entorpecer la investigaci\u00f3n. Pero siguiendo la recomendaci\u00f3n del Comit\u00e9 contra la Prevenci\u00f3n de la Tortura, recientemente se ha iniciado un tr\u00e1mite para evaluar la viabilidad de una revinculaci\u00f3n, y se ha firmado un decreto para llevar a cabo este proceso\u201d, explic\u00f3 el fiscal.<\/p>\n\n\n\n<p>&nbsp;Se est\u00e1n tomando medidas para verificar la posibilidad y modalidad de dicha revinculaci\u00f3n. El fiscal adelant\u00f3 que se est\u00e1 a la espera de que se elaboren los informes correspondientes, los cuales ser\u00e1n analizados. \u201cAdem\u00e1s de seguir las recomendaciones, se debe considerar la factibilidad en cada centro de detenci\u00f3n para determinar si es posible llevar a cabo la revinculaci\u00f3n y en qu\u00e9 circunstancias\u201d, dijo.<\/p>\n","protected":false},"excerpt":{"rendered":"<p>El Equipo Fiscal Especial que interviene en la causa de Cecilia Strzyzowsky se encuentra evaluando la posibilidad de revinculaci\u00f3n de la familia Sena, integrada por Marcela Acu\u00f1a, Emerenciano Sena y C\u00e9sar Sena.&nbsp; En declaraciones televisivas, la fiscal Nelia Vel\u00e1zquez explic\u00f3 que el equipo fiscal a comenzado a evaluar esta posibilidad basado en la recomendaci\u00f3n del &hellip;<\/p>\n","protected":false},"author":2,"featured_media":83630,"comment_status":"open","ping_status":"open","sticky":false,"template":"","format":"standard","meta":{"_jetpack_memberships_contains_paid_content":false,"footnotes":"","jetpack_publicize_message":"","jetpack_publicize_feature_enabled":true,"jetpack_social_post_already_shared":true,"jetpack_social_options":{"image_generator_settings":{"template":"highway","default_image_id":0,"font":"","enabled":false},"version":2}},"categories":[5,50],"tags":[],"class_list":["post-83629","post","type-post","status-publish","format-standard","has-post-thumbnail","hentry","category-chaco","category-judiciales"],"jetpack_publicize_connections":[],"jetpack_featured_media_url":"https:\/\/portalmovil.com.ar\/wp-content\/uploads\/2023\/09\/cesar-sena-emerenciano-sena-marcela-acuna.webp","jetpack_sharing_enabled":true,"amp_enabled":true,"_links":{"self":[{"href":"https:\/\/portalmovil.com.ar\/index.php\/wp-json\/wp\/v2\/posts\/83629","targetHints":{"allow":["GET"]}}],"collection":[{"href":"https:\/\/portalmovil.com.ar\/index.php\/wp-json\/wp\/v2\/posts"}],"about":[{"href":"https:\/\/portalmovil.com.ar\/index.php\/wp-json\/wp\/v2\/types\/post"}],"author":[{"embeddable":true,"href":"https:\/\/portalmovil.com.ar\/index.php\/wp-json\/wp\/v2\/users\/2"}],"replies":[{"embeddable":true,"href":"https:\/\/portalmovil.com.ar\/index.php\/wp-json\/wp\/v2\/comments?post=83629"}],"version-history":[{"count":2,"href":"https:\/\/portalmovil.com.ar\/index.php\/wp-json\/wp\/v2\/posts\/83629\/revisions"}],"predecessor-version":[{"id":83632,"href":"https:\/\/portalmovil.com.ar\/index.php\/wp-json\/wp\/v2\/posts\/83629\/revisions\/83632"}],"wp:featuredmedia":[{"embeddable":true,"href":"https:\/\/portalmovil.com.ar\/index.php\/wp-json\/wp\/v2\/media\/83630"}],"wp:attachment":[{"href":"https:\/\/portalmovil.com.ar\/index.php\/wp-json\/wp\/v2\/media?parent=83629"}],"wp:term":[{"taxonomy":"category","embeddable":true,"href":"https:\/\/portalmovil.com.ar\/index.php\/wp-json\/wp\/v2\/categories?post=83629"},{"taxonomy":"post_tag","embeddable":true,"href":"https:\/\/portalmovil.com.ar\/index.php\/wp-json\/wp\/v2\/tags?post=83629"}],"curies":[{"name":"wp","href":"https:\/\/api.w.org\/{rel}","templated":true}]}}