{"id":83045,"date":"2023-09-15T09:12:26","date_gmt":"2023-09-15T12:12:26","guid":{"rendered":"https:\/\/portalmovil.com.ar\/?p=83045"},"modified":"2023-09-15T09:16:15","modified_gmt":"2023-09-15T12:16:15","slug":"la-policia-del-chaco-contara-con-350-nuevos-agentes","status":"publish","type":"post","link":"https:\/\/portalmovil.com.ar\/index.php\/2023\/09\/15\/la-policia-del-chaco-contara-con-350-nuevos-agentes\/","title":{"rendered":"La Polic\u00eda del Chaco contar\u00e1 con 350 nuevos agentes"},"content":{"rendered":"\n<p>As\u00ed se completar\u00e1n los 700 aspirantes admitidos en el curso de formaci\u00f3n del Instituto de Seguridad P\u00fablica, superando los 8 mil efectivos en toda la provincia.<\/p>\n\n\n\n<p>En el marco del encuentro del gobernador Jorge Capitanich con los j\u00f3venes ingresantes, se les inform\u00f3 que la Provincia prev\u00e9 la incorporaci\u00f3n de 350 nuevos efectivos a la fuerza de seguridad para el 2024, quienes se sumar\u00e1n a los 350 agentes que actualmente se capacitan en la instituci\u00f3n.<\/p>\n\n\n\n<p>\u00abCon estos 700 nuevos agentes superaremos los 8.300 efectivos en la administraci\u00f3n de la Polic\u00eda de la provincia. Claramente es un gran nivel de inversi\u00f3n en la fuerza, trabajando en la vocaci\u00f3n de servicio para lograr una polic\u00eda preventiva de buena calidad y resolver los problemas de seguridad p\u00fablica\u00bb, asegur\u00f3 el gobernador.<\/p>\n","protected":false},"excerpt":{"rendered":"<p>As\u00ed se completar\u00e1n los 700 aspirantes admitidos en el curso de formaci\u00f3n del Instituto de Seguridad P\u00fablica, superando los 8 mil efectivos en toda la provincia.<\/p>\n","protected":false},"author":6,"featured_media":83049,"comment_status":"open","ping_status":"open","sticky":false,"template":"","format":"standard","meta":{"_jetpack_memberships_contains_paid_content":false,"footnotes":"","jetpack_publicize_message":"","jetpack_publicize_feature_enabled":true,"jetpack_social_post_already_shared":true,"jetpack_social_options":{"image_generator_settings":{"template":"highway","default_image_id":0,"font":"","enabled":false},"version":2}},"categories":[8,14],"tags":[],"class_list":["post-83045","post","type-post","status-publish","format-standard","has-post-thumbnail","hentry","category-policiales","category-politica"],"jetpack_publicize_connections":[],"jetpack_featured_media_url":"https:\/\/portalmovil.com.ar\/wp-content\/uploads\/2023\/09\/policia-chaco_.jpg","jetpack_sharing_enabled":true,"amp_enabled":true,"_links":{"self":[{"href":"https:\/\/portalmovil.com.ar\/index.php\/wp-json\/wp\/v2\/posts\/83045","targetHints":{"allow":["GET"]}}],"collection":[{"href":"https:\/\/portalmovil.com.ar\/index.php\/wp-json\/wp\/v2\/posts"}],"about":[{"href":"https:\/\/portalmovil.com.ar\/index.php\/wp-json\/wp\/v2\/types\/post"}],"author":[{"embeddable":true,"href":"https:\/\/portalmovil.com.ar\/index.php\/wp-json\/wp\/v2\/users\/6"}],"replies":[{"embeddable":true,"href":"https:\/\/portalmovil.com.ar\/index.php\/wp-json\/wp\/v2\/comments?post=83045"}],"version-history":[{"count":1,"href":"https:\/\/portalmovil.com.ar\/index.php\/wp-json\/wp\/v2\/posts\/83045\/revisions"}],"predecessor-version":[{"id":83047,"href":"https:\/\/portalmovil.com.ar\/index.php\/wp-json\/wp\/v2\/posts\/83045\/revisions\/83047"}],"wp:featuredmedia":[{"embeddable":true,"href":"https:\/\/portalmovil.com.ar\/index.php\/wp-json\/wp\/v2\/media\/83049"}],"wp:attachment":[{"href":"https:\/\/portalmovil.com.ar\/index.php\/wp-json\/wp\/v2\/media?parent=83045"}],"wp:term":[{"taxonomy":"category","embeddable":true,"href":"https:\/\/portalmovil.com.ar\/index.php\/wp-json\/wp\/v2\/categories?post=83045"},{"taxonomy":"post_tag","embeddable":true,"href":"https:\/\/portalmovil.com.ar\/index.php\/wp-json\/wp\/v2\/tags?post=83045"}],"curies":[{"name":"wp","href":"https:\/\/api.w.org\/{rel}","templated":true}]}}