{"id":82974,"date":"2023-09-14T10:43:33","date_gmt":"2023-09-14T13:43:33","guid":{"rendered":"https:\/\/portalmovil.com.ar\/?p=82974"},"modified":"2023-09-14T10:43:36","modified_gmt":"2023-09-14T13:43:36","slug":"la-plata-una-joven-de-16-anos-fue-violada-por-un-profesor","status":"publish","type":"post","link":"https:\/\/portalmovil.com.ar\/index.php\/2023\/09\/14\/la-plata-una-joven-de-16-anos-fue-violada-por-un-profesor\/","title":{"rendered":"La Plata: una joven de 16 a\u00f1os fue violada por un profesor"},"content":{"rendered":"\n<p>Los vecinos la encontraron deambulando por la calle en ropa interior. El atacante ten\u00eda una denuncia previa y fue detenido.<\/p>\n\n\n\n<p>Una adolescente de 16 a\u00f1os denunci\u00f3 que fue violada por un docente, de 44 a\u00f1os, en una fiesta que se realiz\u00f3 en la ciudad de La Plata. El acusado fue detenido y trasladado a una seccional.<\/p>\n\n\n\n<p>El martes por la ma\u00f1ana un grupo de vecinos vio a una joven deambular por la calle en ropa interior, la asistieron y llamaron a la polic\u00eda. La joven cont\u00f3 que asisti\u00f3 a una fiesta durante la noche del lunes, que se llevaba a cabo en una casa particular.<\/p>\n\n\n\n<p>En la casa donde ocurri\u00f3 el evento, que quedaba a pocos metros de all\u00ed, detuvieron al hombre, quien se desempe\u00f1aba como profesor de matem\u00e1tica en varios colegios cat\u00f3licos de La Plata y es empleado de la Direcci\u00f3n General de Cultura y Educaci\u00f3n bonaerense.<\/p>\n\n\n\n<p>La madre de la v\u00edctima asegur\u00f3 que hab\u00eda realizado una denuncia previa contra el docente. La fiscal\u00eda a cargo de la investigaci\u00f3n dio intervenci\u00f3n al Gabinete de Abusos Sexuales de la DDI de La Plata.<\/p>\n\n\n\n<p>El docente de 44 a\u00f1os que qued\u00f3 demorado y fue trasladado a la subcomisar\u00eda La Uni\u00f3n, donde qued\u00f3 a disposici\u00f3n de la Unidad Fiscal, acusado del delito de \u00ababuso sexual\u00bb.<\/p>\n\n\n\n<p>Los investigadores no descartaron que haya otros hombres vinculados con el presunto abuso. Por el momento no hay m\u00e1s detenidos por la causa.<\/p>\n","protected":false},"excerpt":{"rendered":"<p>El hombre se desempe\u00f1aba como profesor de matem\u00e1tica en varios colegios cat\u00f3licos de La Plata y es empleado de la Direcci\u00f3n General de Cultura y Educaci\u00f3n bonaerense.<\/p>\n","protected":false},"author":6,"featured_media":82976,"comment_status":"open","ping_status":"open","sticky":false,"template":"","format":"standard","meta":{"_jetpack_memberships_contains_paid_content":false,"footnotes":"","jetpack_publicize_message":"","jetpack_publicize_feature_enabled":true,"jetpack_social_post_already_shared":true,"jetpack_social_options":{"image_generator_settings":{"template":"highway","default_image_id":0,"font":"","enabled":false},"version":2}},"categories":[8],"tags":[],"class_list":["post-82974","post","type-post","status-publish","format-standard","has-post-thumbnail","hentry","category-policiales"],"jetpack_publicize_connections":[],"jetpack_featured_media_url":"https:\/\/portalmovil.com.ar\/wp-content\/uploads\/2023\/09\/La-Plata-1.webp","jetpack_sharing_enabled":true,"amp_enabled":true,"_links":{"self":[{"href":"https:\/\/portalmovil.com.ar\/index.php\/wp-json\/wp\/v2\/posts\/82974","targetHints":{"allow":["GET"]}}],"collection":[{"href":"https:\/\/portalmovil.com.ar\/index.php\/wp-json\/wp\/v2\/posts"}],"about":[{"href":"https:\/\/portalmovil.com.ar\/index.php\/wp-json\/wp\/v2\/types\/post"}],"author":[{"embeddable":true,"href":"https:\/\/portalmovil.com.ar\/index.php\/wp-json\/wp\/v2\/users\/6"}],"replies":[{"embeddable":true,"href":"https:\/\/portalmovil.com.ar\/index.php\/wp-json\/wp\/v2\/comments?post=82974"}],"version-history":[{"count":1,"href":"https:\/\/portalmovil.com.ar\/index.php\/wp-json\/wp\/v2\/posts\/82974\/revisions"}],"predecessor-version":[{"id":82977,"href":"https:\/\/portalmovil.com.ar\/index.php\/wp-json\/wp\/v2\/posts\/82974\/revisions\/82977"}],"wp:featuredmedia":[{"embeddable":true,"href":"https:\/\/portalmovil.com.ar\/index.php\/wp-json\/wp\/v2\/media\/82976"}],"wp:attachment":[{"href":"https:\/\/portalmovil.com.ar\/index.php\/wp-json\/wp\/v2\/media?parent=82974"}],"wp:term":[{"taxonomy":"category","embeddable":true,"href":"https:\/\/portalmovil.com.ar\/index.php\/wp-json\/wp\/v2\/categories?post=82974"},{"taxonomy":"post_tag","embeddable":true,"href":"https:\/\/portalmovil.com.ar\/index.php\/wp-json\/wp\/v2\/tags?post=82974"}],"curies":[{"name":"wp","href":"https:\/\/api.w.org\/{rel}","templated":true}]}}