{"id":8294,"date":"2020-06-26T16:01:04","date_gmt":"2020-06-26T19:01:04","guid":{"rendered":"http:\/\/portalmovil.com.ar\/?p=8294"},"modified":"2020-06-26T23:30:14","modified_gmt":"2020-06-27T02:30:14","slug":"murio-el-ex-gobernador-de-santa-fe-hermes-binner","status":"publish","type":"post","link":"https:\/\/portalmovil.com.ar\/index.php\/2020\/06\/26\/murio-el-ex-gobernador-de-santa-fe-hermes-binner\/","title":{"rendered":"Muri\u00f3 el ex gobernador de Santa Fe Hermes Binner"},"content":{"rendered":"\n<p>El ex gobernador de\u00a0Santa Fe\u00a0(2007-2011) y referente del Socialismo\u00a0Hermes Binner\u00a0falleci\u00f3 este viernes a los 77 a\u00f1os, tras complicarse su estado de salud por una neumon\u00eda.<\/p>\n\n\n\n<p>El ex candidato presidencial estaba internado en la cl\u00ednica privada Primoldial de la localidad santafesina de Casilda desde el domingo \u00faltimo y su estado hab\u00eda empeorado en las \u00faltimas horas.<\/p>\n\n\n\n<p>\u00abEl Dr. Hermes Binner, ex gobernador de la provincia, se encuentra internado desde el 21 de junio del corriente a\u00f1o en Unidad de Terapia Intensiva con diagn\u00f3stico de neumon\u00eda aguda. Present\u00f3 como complicaci\u00f3n un neumot\u00f3rax espont\u00e1neo primario, que requiri\u00f3 la colocaci\u00f3n de tubo de avenamiento pleural\u00bb, se\u00f1al\u00f3 el \u00faltimo parte m\u00e9dico de la cl\u00ednica Primordial difundido este jueves.<\/p>\n\n\n\n<p>Tras su ingreso, la cl\u00ednica inform\u00f3 que le realizaron los hisopados para detecci\u00f3n de\u00a0coronavirus, cuyos resultados dieron negativo.<\/p>\n\n\n\n<p>Binner, ex intendente de Rosario entre 1995 y 2003, estaba internado desde diciembre \u00faltimo en el geri\u00e1trico Los Naranjos de Casilda, afectado por alzheimer avanzado y complicaciones renales.<\/p>\n","protected":false},"excerpt":{"rendered":"<p>El ex gobernador de\u00a0Santa Fe\u00a0(2007-2011) y referente del Socialismo\u00a0Hermes Binner\u00a0falleci\u00f3 este viernes a los 77 a\u00f1os, tras complicarse su estado de salud por una neumon\u00eda. El ex candidato presidencial estaba internado en la cl\u00ednica privada Primoldial de la localidad santafesina de Casilda desde el domingo \u00faltimo y su estado hab\u00eda empeorado en las \u00faltimas horas. &hellip;<\/p>\n","protected":false},"author":2,"featured_media":8295,"comment_status":"open","ping_status":"open","sticky":false,"template":"","format":"standard","meta":{"_jetpack_memberships_contains_paid_content":false,"footnotes":"","jetpack_publicize_message":"","jetpack_publicize_feature_enabled":true,"jetpack_social_post_already_shared":true,"jetpack_social_options":{"image_generator_settings":{"template":"highway","default_image_id":0,"font":"","enabled":false},"version":2}},"categories":[14,3],"tags":[],"class_list":["post-8294","post","type-post","status-publish","format-standard","has-post-thumbnail","hentry","category-politica","category-sociedad"],"jetpack_publicize_connections":[],"jetpack_featured_media_url":"https:\/\/portalmovil.com.ar\/wp-content\/uploads\/2020\/06\/ARCHI_767709.jpg","jetpack_sharing_enabled":true,"amp_enabled":true,"_links":{"self":[{"href":"https:\/\/portalmovil.com.ar\/index.php\/wp-json\/wp\/v2\/posts\/8294","targetHints":{"allow":["GET"]}}],"collection":[{"href":"https:\/\/portalmovil.com.ar\/index.php\/wp-json\/wp\/v2\/posts"}],"about":[{"href":"https:\/\/portalmovil.com.ar\/index.php\/wp-json\/wp\/v2\/types\/post"}],"author":[{"embeddable":true,"href":"https:\/\/portalmovil.com.ar\/index.php\/wp-json\/wp\/v2\/users\/2"}],"replies":[{"embeddable":true,"href":"https:\/\/portalmovil.com.ar\/index.php\/wp-json\/wp\/v2\/comments?post=8294"}],"version-history":[{"count":2,"href":"https:\/\/portalmovil.com.ar\/index.php\/wp-json\/wp\/v2\/posts\/8294\/revisions"}],"predecessor-version":[{"id":8321,"href":"https:\/\/portalmovil.com.ar\/index.php\/wp-json\/wp\/v2\/posts\/8294\/revisions\/8321"}],"wp:featuredmedia":[{"embeddable":true,"href":"https:\/\/portalmovil.com.ar\/index.php\/wp-json\/wp\/v2\/media\/8295"}],"wp:attachment":[{"href":"https:\/\/portalmovil.com.ar\/index.php\/wp-json\/wp\/v2\/media?parent=8294"}],"wp:term":[{"taxonomy":"category","embeddable":true,"href":"https:\/\/portalmovil.com.ar\/index.php\/wp-json\/wp\/v2\/categories?post=8294"},{"taxonomy":"post_tag","embeddable":true,"href":"https:\/\/portalmovil.com.ar\/index.php\/wp-json\/wp\/v2\/tags?post=8294"}],"curies":[{"name":"wp","href":"https:\/\/api.w.org\/{rel}","templated":true}]}}