{"id":82883,"date":"2023-09-13T10:49:39","date_gmt":"2023-09-13T13:49:39","guid":{"rendered":"https:\/\/portalmovil.com.ar\/?p=82883"},"modified":"2023-09-13T10:49:42","modified_gmt":"2023-09-13T13:49:42","slug":"un-kinesiologo-violo-a-una-paciente-de-85-con-alzheimer-en-lanus","status":"publish","type":"post","link":"https:\/\/portalmovil.com.ar\/index.php\/2023\/09\/13\/un-kinesiologo-violo-a-una-paciente-de-85-con-alzheimer-en-lanus\/","title":{"rendered":"Un kinesi\u00f3logo viol\u00f3 a una paciente de 85 con Alzheimer en Lan\u00fas"},"content":{"rendered":"\n<p>La hija de la v\u00edctima vio el abuso sexual en el momento en que ocurr\u00eda porque hab\u00eda instalado un sistema de c\u00e1maras adentro de la casa de su madre.<\/p>\n\n\n\n<p>Un kinesi\u00f3logo qued\u00f3 detenido esta semana tras comprobarse que viol\u00f3 a una paciente de 85 a\u00f1os con diagn\u00f3stico de Alzheimer. El caso sali\u00f3 a la luz porque la hija de la v\u00edctima vio el abuso sexual cuando ocurr\u00eda gracias a un sistema de videovigilancia que instal\u00f3 en la casa de su madre, en Lan\u00fas, provincia de Buenos Aires.<\/p>\n\n\n\n<p>\u00abNunca me hubiera imaginado que las c\u00e1maras que puse era para ver lo que le pas\u00f3 a ella. Mi mam\u00e1 puede caminar con el tr\u00edpode porque se cay\u00f3 siete veces, parec\u00eda que ten\u00eda quebradura de cadera, gracias a Dios no, y me recomendaron hacer una seria de kinesiolog\u00eda por eso contrat\u00e9 a Julio C\u00e9sar D\u00edaz para que viniera hacer el tratamiento a mi mam\u00e1\u00bb, relat\u00f3 este martes Cristina, la hija de la v\u00edctima.<\/p>\n\n\n\n<p>Julio C\u00e9sar D\u00edaz, de unos 70 a\u00f1os, entr\u00f3 a la casa de Cristina recomendado por el neur\u00f3logo de su madre. Durante las sesiones se encerraba en el cuarto con la anciana mientras la cuidadora de la mujer estaba en otro lugar de la casa.<\/p>\n\n\n\n<p>Cristina quiso asegurarse de que su madre evitara salir a la calle y por eso busc\u00f3 a trav\u00e9s de las c\u00e1maras del departamento a la anciana, \u00abvi que en el comedor no hab\u00eda nadie y cuando mir\u00e9 en la cocina estaba la se\u00f1ora que la cuida hablando por tel\u00e9fono y me acord\u00e9 que el d\u00eda que ven\u00eda el kinesi\u00f3logo y fui a esa c\u00e1mara y me encontr\u00e9 con algo que no lo podr\u00eda creer. Me qued\u00e9 shokeada con la situaci\u00f3n porque mi mam\u00e1 estaba sin ropa interior y \u00e9l con los pantalones bajos\u00bb, record\u00f3.<\/p>\n\n\n\n<p>La causa recay\u00f3 en la UFI N\u00b08 de la jurisdicci\u00f3n, a cargo de la fiscal Mariela Montero, mientras entiende la jueza Estela del Carmen Mollo.<\/p>\n\n\n\n<p>\u00abEsta detenci\u00f3n llev\u00f3 un proceso de dos meses. Dentro de lo que me toc\u00f3 pasar las autoridades tomaron el caso enseguida. La m\u00e9dica legista me dijo que no era la primera vez que lo hac\u00eda porque le encontraron lastimaduras a mi mam\u00e1\u00bb, se\u00f1al\u00f3 la hija de la v\u00edctima.<\/p>\n","protected":false},"excerpt":{"rendered":"<p>La hija de la v\u00edctima vio el abuso sexual en el momento en que ocurr\u00eda porque hab\u00eda instalado un sistema de c\u00e1maras adentro de la casa de su madre.<\/p>\n","protected":false},"author":6,"featured_media":82884,"comment_status":"open","ping_status":"open","sticky":false,"template":"","format":"standard","meta":{"_jetpack_memberships_contains_paid_content":false,"footnotes":"","jetpack_publicize_message":"","jetpack_publicize_feature_enabled":true,"jetpack_social_post_already_shared":true,"jetpack_social_options":{"image_generator_settings":{"template":"highway","default_image_id":0,"font":"","enabled":false},"version":2}},"categories":[8],"tags":[],"class_list":["post-82883","post","type-post","status-publish","format-standard","has-post-thumbnail","hentry","category-policiales"],"jetpack_publicize_connections":[],"jetpack_featured_media_url":"https:\/\/portalmovil.com.ar\/wp-content\/uploads\/2023\/09\/Lanus.webp","jetpack_sharing_enabled":true,"amp_enabled":true,"_links":{"self":[{"href":"https:\/\/portalmovil.com.ar\/index.php\/wp-json\/wp\/v2\/posts\/82883","targetHints":{"allow":["GET"]}}],"collection":[{"href":"https:\/\/portalmovil.com.ar\/index.php\/wp-json\/wp\/v2\/posts"}],"about":[{"href":"https:\/\/portalmovil.com.ar\/index.php\/wp-json\/wp\/v2\/types\/post"}],"author":[{"embeddable":true,"href":"https:\/\/portalmovil.com.ar\/index.php\/wp-json\/wp\/v2\/users\/6"}],"replies":[{"embeddable":true,"href":"https:\/\/portalmovil.com.ar\/index.php\/wp-json\/wp\/v2\/comments?post=82883"}],"version-history":[{"count":1,"href":"https:\/\/portalmovil.com.ar\/index.php\/wp-json\/wp\/v2\/posts\/82883\/revisions"}],"predecessor-version":[{"id":82885,"href":"https:\/\/portalmovil.com.ar\/index.php\/wp-json\/wp\/v2\/posts\/82883\/revisions\/82885"}],"wp:featuredmedia":[{"embeddable":true,"href":"https:\/\/portalmovil.com.ar\/index.php\/wp-json\/wp\/v2\/media\/82884"}],"wp:attachment":[{"href":"https:\/\/portalmovil.com.ar\/index.php\/wp-json\/wp\/v2\/media?parent=82883"}],"wp:term":[{"taxonomy":"category","embeddable":true,"href":"https:\/\/portalmovil.com.ar\/index.php\/wp-json\/wp\/v2\/categories?post=82883"},{"taxonomy":"post_tag","embeddable":true,"href":"https:\/\/portalmovil.com.ar\/index.php\/wp-json\/wp\/v2\/tags?post=82883"}],"curies":[{"name":"wp","href":"https:\/\/api.w.org\/{rel}","templated":true}]}}