{"id":82847,"date":"2023-09-12T22:05:10","date_gmt":"2023-09-13T01:05:10","guid":{"rendered":"https:\/\/portalmovil.com.ar\/?p=82847"},"modified":"2023-09-12T22:05:14","modified_gmt":"2023-09-13T01:05:14","slug":"gloria-romero-se-va-del-chaco-sera-un-secreto-el-destino-al-que-viajara","status":"publish","type":"post","link":"https:\/\/portalmovil.com.ar\/index.php\/2023\/09\/12\/gloria-romero-se-va-del-chaco-sera-un-secreto-el-destino-al-que-viajara\/","title":{"rendered":"Gloria Romero se va del Chaco:  \u00abser\u00e1 un secreto el destino al que viajar\u00e1\u00bb"},"content":{"rendered":"\n<p>Hasta hace tres meses, \u00c1ngela Strzyzowski (26) ten\u00eda una vida a la que describe como \u201cnormal\u201d. Iba a trabajar, sal\u00eda con amigas y pod\u00eda caminar por el centro de Resistencia con cierto anonimato, m\u00e1s all\u00e1 del saludo de alg\u00fan vecino o conocido. Tras la desaparici\u00f3n y el femicidio de su hermana Cecilia, la vida que conoc\u00eda se acab\u00f3. \u201cYa no ando por la calle. Si tengo que ir al supermercado, voy con custodia\u201d, le cuenta a\u00a0<em><strong>Infobae<\/strong><\/em>. Es la primera vez que habla y no duda en explicar que decidi\u00f3 evaluar una propuesta laboral en otra provincia. Irse. Lo har\u00e1 este jueves, pero no viajar\u00e1 sola: su madre, Gloria Romero, la acompa\u00f1ar\u00e1.<\/p>\n\n\n\n<p>\u201cMe voy del Chaco para llevarme a mi mam\u00e1. No quiero que se quede ac\u00e1. Est\u00e1 con un nivel de exposici\u00f3n muy alto y hay muchas personas que la insultan y la acosan en las redes sociales. No quiero que est\u00e9 expuesta a todo eso y la \u00fanica manera es protegerla es llev\u00e1ndomela\u201d, detalla \u00c1ngela y asegura que su decisi\u00f3n \u201cno tuvo nada que ver\u201d con las elecciones de este domingo, donde el gobernador Jorge Capitanich buscar\u00e1 su reelecci\u00f3n.<\/p>\n\n\n\n<p>\u201cLa fecha fue una casualidad. Se trata de una oportunidad de trabajo que decid\u00ed aprovechar, b\u00e1sicamente, por una cuesti\u00f3n econ\u00f3mica. Me voy por tiempo indefinido. Mi mam\u00e1 viene conmigo el primer mes\u201d, dice la joven, de profesi\u00f3n m\u00e9dica.<\/p>\n\n\n\n<p>La entrevista es una excepci\u00f3n. Desde la desaparici\u00f3n de Cecilia, y la posterior investigaci\u00f3n por el femicidio del que acusan a los dirigentes sociales Emerenciano Sena y Marcela Acu\u00f1a; a su hijo, C\u00e9sar Sena, y a otras cuatro personas, \u00c1ngela eligi\u00f3 mantenerse alejada de los medios. Decidi\u00f3 hablar ahora para \u201cproteger\u201d a Gloria y revela: \u201cEstoy cansada de que inventen cosas. Dicen que no nos cri\u00f3, que era una mala madre. Mi mam\u00e1 estuvo siempre para nosotras\u201d.<\/p>\n\n\n\n<p>Durante la entrevista, \u00c1ngela est\u00e1 sentada junto a Gloria en su casa del barrio 120 Viviendas CGT. Afuera, como desde hace 90 d\u00edas, hay presencia policial. Por las guardias m\u00e9dicas que hace, no son muchas las noches que coincide con su madre. Cuando eso sucede, aprovechan para mirar un cap\u00edtulo de la serie \u201cBridgerton\u201d (Netflix). El ritual lo instalaron hace poco para distraerse y volver lentamente a la \u201cnormalidad\u201d.<\/p>\n\n\n\n<p>\u201cEn lo personal, trato de mantenerme alejada de las noticias. Casi todo lo que me entero, me lo entero porque me lo cuenta mi mam\u00e1. Pregunto poco y me dedico a trabajar. Mi escape fue el trabajo. Mientras trabajo no soy \u2018la hermana de Cecilia\u2019 sino, simplemente, una empleada m\u00e1s\u201d, dice \u00c1ngela. Y agrega: \u201cComo cualquier cambio, me da l\u00e1stima dejar mi ciudad, pero es lo que siento que tengo que hacer. Mi t\u00eda abuela, Mercedes, no quer\u00eda que me fuera pero bueno&#8230; Por el momento, es temporal: si despu\u00e9s se hace permanente, me la llevar\u00e9 conmigo\u201d.<\/p>\n\n\n\n<p>Ahora Gloria toma el tel\u00e9fono y hace algunas aclaraciones. Ella tambi\u00e9n quiere proteger a su hija. <strong>Por eso prefiere mantener en secreto el destino al que viajar\u00e1n<\/strong>. Tampoco accede a enviar una foto de ellas, la que encabeza esta nota es de marzo de 2023. \u201cLa \u2018Chiqui\u2019 (como le dice cari\u00f1osamente a \u00c1ngela) no est\u00e1 ni parecida a lo que era. Cambi\u00f3 su aspecto para mantenerse un poco m\u00e1s en el anonimato\u201d, describe. Y sigue: \u201cYo me sigo moviendo con custodios.<\/p>\n","protected":false},"excerpt":{"rendered":"<p>Hasta hace tres meses, \u00c1ngela Strzyzowski (26) ten\u00eda una vida a la que describe como \u201cnormal\u201d. Iba a trabajar, sal\u00eda con amigas y pod\u00eda caminar por el centro de Resistencia con cierto anonimato, m\u00e1s all\u00e1 del saludo de alg\u00fan vecino o conocido. Tras la desaparici\u00f3n y el femicidio de su hermana Cecilia, la vida que &hellip;<\/p>\n","protected":false},"author":2,"featured_media":82848,"comment_status":"open","ping_status":"open","sticky":false,"template":"","format":"standard","meta":{"_jetpack_memberships_contains_paid_content":false,"footnotes":"","jetpack_publicize_message":"","jetpack_publicize_feature_enabled":true,"jetpack_social_post_already_shared":true,"jetpack_social_options":{"image_generator_settings":{"template":"highway","default_image_id":0,"font":"","enabled":false},"version":2}},"categories":[5,50],"tags":[],"class_list":["post-82847","post","type-post","status-publish","format-standard","has-post-thumbnail","hentry","category-chaco","category-judiciales"],"jetpack_publicize_connections":[],"jetpack_featured_media_url":"https:\/\/portalmovil.com.ar\/wp-content\/uploads\/2023\/09\/1694566194375.jpg","jetpack_sharing_enabled":true,"amp_enabled":true,"_links":{"self":[{"href":"https:\/\/portalmovil.com.ar\/index.php\/wp-json\/wp\/v2\/posts\/82847","targetHints":{"allow":["GET"]}}],"collection":[{"href":"https:\/\/portalmovil.com.ar\/index.php\/wp-json\/wp\/v2\/posts"}],"about":[{"href":"https:\/\/portalmovil.com.ar\/index.php\/wp-json\/wp\/v2\/types\/post"}],"author":[{"embeddable":true,"href":"https:\/\/portalmovil.com.ar\/index.php\/wp-json\/wp\/v2\/users\/2"}],"replies":[{"embeddable":true,"href":"https:\/\/portalmovil.com.ar\/index.php\/wp-json\/wp\/v2\/comments?post=82847"}],"version-history":[{"count":1,"href":"https:\/\/portalmovil.com.ar\/index.php\/wp-json\/wp\/v2\/posts\/82847\/revisions"}],"predecessor-version":[{"id":82849,"href":"https:\/\/portalmovil.com.ar\/index.php\/wp-json\/wp\/v2\/posts\/82847\/revisions\/82849"}],"wp:featuredmedia":[{"embeddable":true,"href":"https:\/\/portalmovil.com.ar\/index.php\/wp-json\/wp\/v2\/media\/82848"}],"wp:attachment":[{"href":"https:\/\/portalmovil.com.ar\/index.php\/wp-json\/wp\/v2\/media?parent=82847"}],"wp:term":[{"taxonomy":"category","embeddable":true,"href":"https:\/\/portalmovil.com.ar\/index.php\/wp-json\/wp\/v2\/categories?post=82847"},{"taxonomy":"post_tag","embeddable":true,"href":"https:\/\/portalmovil.com.ar\/index.php\/wp-json\/wp\/v2\/tags?post=82847"}],"curies":[{"name":"wp","href":"https:\/\/api.w.org\/{rel}","templated":true}]}}