{"id":8271,"date":"2020-06-26T01:03:46","date_gmt":"2020-06-26T04:03:46","guid":{"rendered":"http:\/\/portalmovil.com.ar\/?p=8271"},"modified":"2020-06-26T01:03:48","modified_gmt":"2020-06-26T04:03:48","slug":"alberto-fernandez-anunciara-hoy-la-nueva-cuarentena","status":"publish","type":"post","link":"https:\/\/portalmovil.com.ar\/index.php\/2020\/06\/26\/alberto-fernandez-anunciara-hoy-la-nueva-cuarentena\/","title":{"rendered":"Alberto Fern\u00e1ndez anunciar\u00e1 hoy la nueva cuarentena"},"content":{"rendered":"\n<p>El presidente\u00a0Alberto Fern\u00e1ndez\u00a0anunciar\u00e1 este viernes al mediod\u00eda el endurecimiento de la cuarentena por dos semanas que comenzar\u00e1 a regir desde el pr\u00f3ximo mi\u00e9rcoles 1 de julio hasta el 17 de julio.<\/p>\n\n\n\n<p>Tanto el jefe de la Ciudad,\u00a0Horacio Rodr\u00edguez Larreta\u00a0como el gobernador\u00a0Axel Kicillof coincidieron con el Presidente que es necesario evitar al m\u00e1ximo la circulaci\u00f3n de las personas. Por esta raz\u00f3n, se volver\u00e1 al esquema donde solo estar\u00e1n abiertos\u00a0los negocios de cercan\u00eda \u201cesenciales\u201d (alimentos, farmacias, veterinarias y ferreter\u00edas).<\/p>\n\n\n\n<p>Se reforzar\u00e1n\u00a0los controles de los certificados de circulaci\u00f3n porque estar\u00e1n limitados a las personas que tienen actividades esenciales. <\/p>\n\n\n\n<p>Los\u00a0bancos continuar\u00e1n atendiendo\u00a0y por otro lado, en el caso de la Ciudad de Buenos Aires,\u00a0se continuaran con las salidas recreativas para los ni\u00f1os, aunque quiz\u00e1s se limite a un solo d\u00eda por semana,\u00a0a\u00fan esto no estaba definido. <\/p>\n\n\n\n<p>Lo que s\u00ed est\u00e1 definido\u00a0es que no se permitir\u00e1n las actividades deportivas.\u00a0Estas medidas y la raz\u00f3n por la cual se\u00a0\u201cvuelve atr\u00e1s\u201d\u00a0ser\u00e1n explicadas por el presidente Alberto Fern\u00e1ndez, acompa\u00f1ado por Kicillof y Larreta.<\/p>\n\n\n\n<p>El anuncio ser\u00e1 este viernes al mediod\u00eda y, cabe recordar, que estaba previsto para este jueves hacia el final de la tarde, pero finalmente se posterg\u00f3 porque restaban algunos aspectos operativos a definir. Entre ellos, como, por ejemplo, c\u00f3mo mejorar los permisos de circulaci\u00f3n para que sean m\u00e1s restrictivos m\u00e1s all\u00e1 de endurecer los controles en diferentes puntos de la Capital y la provincia. Estos controles ser\u00e1n llevados a cabo por las Fuerzas de Seguridad, como se vio en la primera etapa de la cuarentena.<\/p>\n","protected":false},"excerpt":{"rendered":"<p>El presidente\u00a0Alberto Fern\u00e1ndez\u00a0anunciar\u00e1 este viernes al mediod\u00eda el endurecimiento de la cuarentena por dos semanas que comenzar\u00e1 a regir desde el pr\u00f3ximo mi\u00e9rcoles 1 de julio hasta el 17 de julio. Tanto el jefe de la Ciudad,\u00a0Horacio Rodr\u00edguez Larreta\u00a0como el gobernador\u00a0Axel Kicillof coincidieron con el Presidente que es necesario evitar al m\u00e1ximo la circulaci\u00f3n de &hellip;<\/p>\n","protected":false},"author":2,"featured_media":5440,"comment_status":"open","ping_status":"open","sticky":false,"template":"","format":"standard","meta":{"_jetpack_memberships_contains_paid_content":false,"footnotes":"","jetpack_publicize_message":"","jetpack_publicize_feature_enabled":true,"jetpack_social_post_already_shared":true,"jetpack_social_options":{"image_generator_settings":{"template":"highway","default_image_id":0,"font":"","enabled":false},"version":2}},"categories":[34,12],"tags":[],"class_list":["post-8271","post","type-post","status-publish","format-standard","has-post-thumbnail","hentry","category-nacional","category-ultimo"],"jetpack_publicize_connections":[],"jetpack_featured_media_url":"https:\/\/portalmovil.com.ar\/wp-content\/uploads\/2020\/04\/ALBERTO_2_1586566030.jpg","jetpack_sharing_enabled":true,"amp_enabled":true,"_links":{"self":[{"href":"https:\/\/portalmovil.com.ar\/index.php\/wp-json\/wp\/v2\/posts\/8271","targetHints":{"allow":["GET"]}}],"collection":[{"href":"https:\/\/portalmovil.com.ar\/index.php\/wp-json\/wp\/v2\/posts"}],"about":[{"href":"https:\/\/portalmovil.com.ar\/index.php\/wp-json\/wp\/v2\/types\/post"}],"author":[{"embeddable":true,"href":"https:\/\/portalmovil.com.ar\/index.php\/wp-json\/wp\/v2\/users\/2"}],"replies":[{"embeddable":true,"href":"https:\/\/portalmovil.com.ar\/index.php\/wp-json\/wp\/v2\/comments?post=8271"}],"version-history":[{"count":1,"href":"https:\/\/portalmovil.com.ar\/index.php\/wp-json\/wp\/v2\/posts\/8271\/revisions"}],"predecessor-version":[{"id":8272,"href":"https:\/\/portalmovil.com.ar\/index.php\/wp-json\/wp\/v2\/posts\/8271\/revisions\/8272"}],"wp:featuredmedia":[{"embeddable":true,"href":"https:\/\/portalmovil.com.ar\/index.php\/wp-json\/wp\/v2\/media\/5440"}],"wp:attachment":[{"href":"https:\/\/portalmovil.com.ar\/index.php\/wp-json\/wp\/v2\/media?parent=8271"}],"wp:term":[{"taxonomy":"category","embeddable":true,"href":"https:\/\/portalmovil.com.ar\/index.php\/wp-json\/wp\/v2\/categories?post=8271"},{"taxonomy":"post_tag","embeddable":true,"href":"https:\/\/portalmovil.com.ar\/index.php\/wp-json\/wp\/v2\/tags?post=8271"}],"curies":[{"name":"wp","href":"https:\/\/api.w.org\/{rel}","templated":true}]}}