{"id":82663,"date":"2023-09-10T14:28:25","date_gmt":"2023-09-10T17:28:25","guid":{"rendered":"https:\/\/portalmovil.com.ar\/?p=82663"},"modified":"2023-09-10T14:28:27","modified_gmt":"2023-09-10T17:28:27","slug":"desmiente-convocatoria-a-retirar-vales-por-electrodomesticos-y-herramientas","status":"publish","type":"post","link":"https:\/\/portalmovil.com.ar\/index.php\/2023\/09\/10\/desmiente-convocatoria-a-retirar-vales-por-electrodomesticos-y-herramientas\/","title":{"rendered":"Desmiente convocatoria a retirar vales por electrodom\u00e9sticos y herramientas"},"content":{"rendered":"\n<p>nte la creciente reacci\u00f3n p\u00fablica ante un supuesto mensaje enviado por la Fundaci\u00f3n Chaco Solidario , donde se anunciaba que a partir del pr\u00f3ximo lunes se realizar\u00eda una entrega de vales por herramientas y electrodom\u00e9sticos , el Gobierno provincial emiti\u00f3 un comunicado desmintiendo \u00abcateg\u00f3ricamente\u00bb el mismo.<\/p>\n\n\n\n<p>\u00abEn medio de una campa\u00f1a de desinformaci\u00f3n que ha circulado en las redes sociales en las \u00faltimas semanas, el Gobierno del Chaco desmiente categ\u00f3ricamente las afirmaciones falsas que circulan v\u00eda Whatsapp sobre una supuesta convocatoria a retirar vales por electrodom\u00e9sticos y herramientas\u00bb, comienza lo enunciado.<\/p>\n\n\n\n<p>A continuaci\u00f3n, el comunicado continu\u00f3 expresando: \u00abEstos rumores, difundidos de manera maliciosa a trav\u00e9s de plataformas digitales, afirmaban que el Gobierno Provincial convocaba a movimientos sociales, cooperativas, fundaciones y ciudadanos en general para que retiraran vales destinados a la adquisici\u00f3n de electrodom\u00e9sticos y herramientas. Sin embargo, esta informaci\u00f3n es completamente falsa\u00bb.<\/p>\n\n\n\n<p>Luego, el Gobierno provincial aclar\u00f3 que la entrega de herramientas gestionadas por la Fundaci\u00f3n Chaco Solidario, \u00abse realizan de acuerdo con un cronograma establecido y no existen convocatorias espont\u00e1neas\u00bb. \u00abEsta fundaci\u00f3n trabaja de manera transparente y planificada para llegar a quienes m\u00e1s lo necesitan en el momento adecuado\u00bb, agregaron.<\/p>\n\n\n\n<p>El mensaje recibido por muchas personas, donde se anunciaba la supuesta convocatoria.<br>Por \u00faltimo, desde el Ejecutivo, explicaron que: \u00abDesde el Gobierno provincial se reitera el compromiso con la transparencia y la veracidad de la informaci\u00f3n que comparte con la ciudadan\u00eda y lamentaron la difusi\u00f3n de informaci\u00f3n falsa que solo busca desinformar a la poblaci\u00f3n y crear confusi\u00f3n\u00bb.<\/p>\n\n\n\n<p>Adem\u00e1s, el comunicado pide a la poblaci\u00f3n que verifiquen la informaci\u00f3n antes de compartirla en las redes sociales y a denunciar cualquier intento de desinformaci\u00f3n o campa\u00f1a sucia que pueda surgir. Tambi\u00e9n, ponen a disposici\u00f3n los canales oficiales del Gobierno del Chaco para obtener informaci\u00f3n \u00abveraz y actualizada\u00bb sobre las acciones gubernamentales.<\/p>\n","protected":false},"excerpt":{"rendered":"<p>nte la creciente reacci\u00f3n p\u00fablica ante un supuesto mensaje enviado por la Fundaci\u00f3n Chaco Solidario , donde se anunciaba que a partir del pr\u00f3ximo lunes se realizar\u00eda una entrega de vales por herramientas y electrodom\u00e9sticos , el Gobierno provincial emiti\u00f3 un comunicado desmintiendo \u00abcateg\u00f3ricamente\u00bb el mismo. \u00abEn medio de una campa\u00f1a de desinformaci\u00f3n que ha &hellip;<\/p>\n","protected":false},"author":2,"featured_media":22662,"comment_status":"open","ping_status":"open","sticky":false,"template":"","format":"standard","meta":{"_jetpack_memberships_contains_paid_content":false,"footnotes":"","jetpack_publicize_message":"","jetpack_publicize_feature_enabled":true,"jetpack_social_post_already_shared":true,"jetpack_social_options":{"image_generator_settings":{"template":"highway","default_image_id":0,"font":"","enabled":false},"version":2}},"categories":[5,14],"tags":[],"class_list":["post-82663","post","type-post","status-publish","format-standard","has-post-thumbnail","hentry","category-chaco","category-politica"],"jetpack_publicize_connections":[],"jetpack_featured_media_url":"https:\/\/portalmovil.com.ar\/wp-content\/uploads\/2021\/03\/90344954_2451771341801556_3155253580332531712_o.jpg","jetpack_sharing_enabled":true,"amp_enabled":true,"_links":{"self":[{"href":"https:\/\/portalmovil.com.ar\/index.php\/wp-json\/wp\/v2\/posts\/82663","targetHints":{"allow":["GET"]}}],"collection":[{"href":"https:\/\/portalmovil.com.ar\/index.php\/wp-json\/wp\/v2\/posts"}],"about":[{"href":"https:\/\/portalmovil.com.ar\/index.php\/wp-json\/wp\/v2\/types\/post"}],"author":[{"embeddable":true,"href":"https:\/\/portalmovil.com.ar\/index.php\/wp-json\/wp\/v2\/users\/2"}],"replies":[{"embeddable":true,"href":"https:\/\/portalmovil.com.ar\/index.php\/wp-json\/wp\/v2\/comments?post=82663"}],"version-history":[{"count":1,"href":"https:\/\/portalmovil.com.ar\/index.php\/wp-json\/wp\/v2\/posts\/82663\/revisions"}],"predecessor-version":[{"id":82664,"href":"https:\/\/portalmovil.com.ar\/index.php\/wp-json\/wp\/v2\/posts\/82663\/revisions\/82664"}],"wp:featuredmedia":[{"embeddable":true,"href":"https:\/\/portalmovil.com.ar\/index.php\/wp-json\/wp\/v2\/media\/22662"}],"wp:attachment":[{"href":"https:\/\/portalmovil.com.ar\/index.php\/wp-json\/wp\/v2\/media?parent=82663"}],"wp:term":[{"taxonomy":"category","embeddable":true,"href":"https:\/\/portalmovil.com.ar\/index.php\/wp-json\/wp\/v2\/categories?post=82663"},{"taxonomy":"post_tag","embeddable":true,"href":"https:\/\/portalmovil.com.ar\/index.php\/wp-json\/wp\/v2\/tags?post=82663"}],"curies":[{"name":"wp","href":"https:\/\/api.w.org\/{rel}","templated":true}]}}