{"id":82322,"date":"2023-09-04T20:55:29","date_gmt":"2023-09-04T23:55:29","guid":{"rendered":"https:\/\/portalmovil.com.ar\/?p=82322"},"modified":"2023-09-04T20:55:32","modified_gmt":"2023-09-04T23:55:32","slug":"el-smn-anuncia-tiempo-inestable-y-ambiente-fresco-para-este-martes","status":"publish","type":"post","link":"https:\/\/portalmovil.com.ar\/index.php\/2023\/09\/04\/el-smn-anuncia-tiempo-inestable-y-ambiente-fresco-para-este-martes\/","title":{"rendered":"El SMN anuncia tiempo inestable y ambiente fresco para este martes"},"content":{"rendered":"\n<p>Tras la fuerte lluvia de las \u00faltimas horas, con precipitaciones en toda la provincia, el Servicio Meteorol\u00f3gico Nacional dict\u00f3 el cese del alerta meteorol\u00f3gico, aunque seguir\u00e1 la inestabilidad por el resto de la semana en Resistencia y alrededores, con ambiente fresco para este martes y mi\u00e9rcoles, y leve ascenso t\u00e9rmico a partir del jueves.<\/p>\n\n\n\n<p>En detalle, para este martes se espera neblinas y bancos de niebla matinales, y cielo mayormente nublado, con vientos leves del sur rotando al este. La temperatura oscilar\u00e1 entre 12 grados de m\u00ednima y 21 de m\u00e1xima.<\/p>\n\n\n\n<p>Asimismo, para el mi\u00e9rcoles se prev\u00e9 cielo mayormente nublado durando todo el d\u00eda, y vientos leves del sudeste rotando al este, con un piso t\u00e9rmico de 12 grados y un techo de 25.<\/p>\n\n\n\n<p>En tanto, para el jueves se anticipa tormentas, con 18 grados de temperatura m\u00ednima y 25 de m\u00e1xima.<\/p>\n\n\n\n<p>Por \u00faltimo, para el viernes, el SMN pronostica tiempo muy inestable, con tormentas aisladas y chaparrones, y ambiente templado, con 15 grados de temperatura m\u00ednima y 24 de m\u00e1xima.<\/p>\n","protected":false},"excerpt":{"rendered":"<p>Tras la fuerte lluvia de las \u00faltimas horas, con precipitaciones en toda la provincia, el Servicio Meteorol\u00f3gico Nacional dict\u00f3 el cese del alerta meteorol\u00f3gico, aunque seguir\u00e1 la inestabilidad por el resto de la semana en Resistencia y alrededores, con ambiente fresco para este martes y mi\u00e9rcoles, y leve ascenso t\u00e9rmico a partir del jueves. En &hellip;<\/p>\n","protected":false},"author":2,"featured_media":76351,"comment_status":"open","ping_status":"open","sticky":false,"template":"","format":"standard","meta":{"_jetpack_memberships_contains_paid_content":false,"footnotes":"","jetpack_publicize_message":"","jetpack_publicize_feature_enabled":true,"jetpack_social_post_already_shared":true,"jetpack_social_options":{"image_generator_settings":{"template":"highway","default_image_id":0,"font":"","enabled":false},"version":2}},"categories":[28,5],"tags":[],"class_list":["post-82322","post","type-post","status-publish","format-standard","has-post-thumbnail","hentry","category-actualidad","category-chaco"],"jetpack_publicize_connections":[],"jetpack_featured_media_url":"https:\/\/portalmovil.com.ar\/wp-content\/uploads\/2023\/05\/6462a03b32858885257064.jpg","jetpack_sharing_enabled":true,"amp_enabled":true,"_links":{"self":[{"href":"https:\/\/portalmovil.com.ar\/index.php\/wp-json\/wp\/v2\/posts\/82322","targetHints":{"allow":["GET"]}}],"collection":[{"href":"https:\/\/portalmovil.com.ar\/index.php\/wp-json\/wp\/v2\/posts"}],"about":[{"href":"https:\/\/portalmovil.com.ar\/index.php\/wp-json\/wp\/v2\/types\/post"}],"author":[{"embeddable":true,"href":"https:\/\/portalmovil.com.ar\/index.php\/wp-json\/wp\/v2\/users\/2"}],"replies":[{"embeddable":true,"href":"https:\/\/portalmovil.com.ar\/index.php\/wp-json\/wp\/v2\/comments?post=82322"}],"version-history":[{"count":1,"href":"https:\/\/portalmovil.com.ar\/index.php\/wp-json\/wp\/v2\/posts\/82322\/revisions"}],"predecessor-version":[{"id":82323,"href":"https:\/\/portalmovil.com.ar\/index.php\/wp-json\/wp\/v2\/posts\/82322\/revisions\/82323"}],"wp:featuredmedia":[{"embeddable":true,"href":"https:\/\/portalmovil.com.ar\/index.php\/wp-json\/wp\/v2\/media\/76351"}],"wp:attachment":[{"href":"https:\/\/portalmovil.com.ar\/index.php\/wp-json\/wp\/v2\/media?parent=82322"}],"wp:term":[{"taxonomy":"category","embeddable":true,"href":"https:\/\/portalmovil.com.ar\/index.php\/wp-json\/wp\/v2\/categories?post=82322"},{"taxonomy":"post_tag","embeddable":true,"href":"https:\/\/portalmovil.com.ar\/index.php\/wp-json\/wp\/v2\/tags?post=82322"}],"curies":[{"name":"wp","href":"https:\/\/api.w.org\/{rel}","templated":true}]}}