{"id":8228,"date":"2020-06-25T11:57:50","date_gmt":"2020-06-25T14:57:50","guid":{"rendered":"http:\/\/portalmovil.com.ar\/?p=8228"},"modified":"2020-06-25T11:57:53","modified_gmt":"2020-06-25T14:57:53","slug":"alberto-fernandez-anunciara-una-cuarentena-estricta-de-15-dias","status":"publish","type":"post","link":"https:\/\/portalmovil.com.ar\/index.php\/2020\/06\/25\/alberto-fernandez-anunciara-una-cuarentena-estricta-de-15-dias\/","title":{"rendered":"Alberto Fern\u00e1ndez anunciar\u00e1 una cuarentena estricta de 15 d\u00edas"},"content":{"rendered":"\n<p>Elpresidente\u00a0Alberto Fern\u00e1ndez; el gobernador bonaerense, Axel Kicillof; y el jefe de Gobierno porte\u00f1o, Horacio Rodr\u00edguez Larreta, anunciar\u00e1n hoy la\u00a0extensi\u00f3n del aislamiento social y obligatorio en el \u00c1rea Metropolitana Buenos Aires (AMBA) con mayores restricciones\u00a0en la circulaci\u00f3n y un estricto control del transporte p\u00fablico, en el marco de la pandemia por coronavirus.<\/p>\n\n\n\n<p>Anoche el jefe de Gabinete,\u00a0Santiago Cafiero, confirm\u00f3 que los tres mandatarios realizar\u00e1n hoy el anuncio en la residencia de Olivos\u00a0-en horario a determinar-, y advirti\u00f3 que la nueva cuarentena ser\u00e1 restrictiva de actividades y servicios en el AMBA, donde se detecta una \u00abcrecimiento pronunciado\u00bb de contagios.<\/p>\n\n\n\n<p>Previo al anuncio, el\u00a0comit\u00e9 de expertos epidemiol\u00f3gicos que asesora al gobierno se reunir\u00e1 en el Ministerio de Salud\u00a0y luego ser\u00e1 consultado por el Presidente.<\/p>\n\n\n\n<p>\u00abM\u00e1s del 95 de los casos est\u00e1n emplazados ah\u00ed\u00bb, remarc\u00f3 Cafiero anoche en declaraciones al canal Todo Noticias (TN), al insistir en que la\u00a0ciudad de Buenos y 40 partidos bonaerenses -incluidos todos los del conurbano- son el foco\u00a0de la enfermedad respiratoria que oblig\u00f3 a decretar el aislamiento social, preventivo y obligatorio el 20 de marzo.<\/p>\n\n\n\n<p>El jefe de ministros diferenci\u00f3 que\u00a0la mayor\u00eda del resto del pa\u00eds est\u00e1 en una virtual marcha hacia una nueva normalidad\u00a0y que, incluso, los pocos casos de contagios que registran son a ra\u00edz de \u00abalguien que estuvo en la zona del AMBA\u00bb y vuelve al interior.<\/p>\n\n\n\n<p>El lunes, el presidente Fern\u00e1ndez se reuni\u00f3 con Kicillof y Rodr\u00edguez Larreta, para analizar las cifras de contagio de los \u00faltimos d\u00edas en el AMBA, y se coincidi\u00f3 en que el crecimiento es sostenido y que se marcha hacia un pico cuyo tope a\u00fan se desconoce.<\/p>\n\n\n\n<p>El resto del pa\u00eds, salvo una peque\u00f1a zona de\u00a0C\u00f3rdoba, Resistencia y R\u00edo Negro, est\u00e1 ya desde principios de mes en fase de distanciamiento social,\u00a0preventivo y obligatorio, debido a que los casos han ido disminuyendo y ya no se registra transmisi\u00f3n comunitaria del virus.<\/p>\n","protected":false},"excerpt":{"rendered":"<p>Elpresidente\u00a0Alberto Fern\u00e1ndez; el gobernador bonaerense, Axel Kicillof; y el jefe de Gobierno porte\u00f1o, Horacio Rodr\u00edguez Larreta, anunciar\u00e1n hoy la\u00a0extensi\u00f3n del aislamiento social y obligatorio en el \u00c1rea Metropolitana Buenos Aires (AMBA) con mayores restricciones\u00a0en la circulaci\u00f3n y un estricto control del transporte p\u00fablico, en el marco de la pandemia por coronavirus. Anoche el jefe de &hellip;<\/p>\n","protected":false},"author":2,"featured_media":3509,"comment_status":"open","ping_status":"open","sticky":false,"template":"","format":"standard","meta":{"_jetpack_memberships_contains_paid_content":false,"footnotes":"","jetpack_publicize_message":"","jetpack_publicize_feature_enabled":true,"jetpack_social_post_already_shared":true,"jetpack_social_options":{"image_generator_settings":{"template":"highway","default_image_id":0,"font":"","enabled":false},"version":2}},"categories":[34,46],"tags":[],"class_list":["post-8228","post","type-post","status-publish","format-standard","has-post-thumbnail","hentry","category-nacional","category-salud"],"jetpack_publicize_connections":[],"jetpack_featured_media_url":"https:\/\/portalmovil.com.ar\/wp-content\/uploads\/2020\/03\/image5e6eb3cce4adb.jpg","jetpack_sharing_enabled":true,"amp_enabled":true,"_links":{"self":[{"href":"https:\/\/portalmovil.com.ar\/index.php\/wp-json\/wp\/v2\/posts\/8228","targetHints":{"allow":["GET"]}}],"collection":[{"href":"https:\/\/portalmovil.com.ar\/index.php\/wp-json\/wp\/v2\/posts"}],"about":[{"href":"https:\/\/portalmovil.com.ar\/index.php\/wp-json\/wp\/v2\/types\/post"}],"author":[{"embeddable":true,"href":"https:\/\/portalmovil.com.ar\/index.php\/wp-json\/wp\/v2\/users\/2"}],"replies":[{"embeddable":true,"href":"https:\/\/portalmovil.com.ar\/index.php\/wp-json\/wp\/v2\/comments?post=8228"}],"version-history":[{"count":1,"href":"https:\/\/portalmovil.com.ar\/index.php\/wp-json\/wp\/v2\/posts\/8228\/revisions"}],"predecessor-version":[{"id":8229,"href":"https:\/\/portalmovil.com.ar\/index.php\/wp-json\/wp\/v2\/posts\/8228\/revisions\/8229"}],"wp:featuredmedia":[{"embeddable":true,"href":"https:\/\/portalmovil.com.ar\/index.php\/wp-json\/wp\/v2\/media\/3509"}],"wp:attachment":[{"href":"https:\/\/portalmovil.com.ar\/index.php\/wp-json\/wp\/v2\/media?parent=8228"}],"wp:term":[{"taxonomy":"category","embeddable":true,"href":"https:\/\/portalmovil.com.ar\/index.php\/wp-json\/wp\/v2\/categories?post=8228"},{"taxonomy":"post_tag","embeddable":true,"href":"https:\/\/portalmovil.com.ar\/index.php\/wp-json\/wp\/v2\/tags?post=8228"}],"curies":[{"name":"wp","href":"https:\/\/api.w.org\/{rel}","templated":true}]}}