{"id":82189,"date":"2023-09-01T17:20:28","date_gmt":"2023-09-01T20:20:28","guid":{"rendered":"https:\/\/portalmovil.com.ar\/?p=82189"},"modified":"2023-09-01T17:20:31","modified_gmt":"2023-09-01T20:20:31","slug":"milei-la-gente-esta-muy-asustada-en-lo-que-pueda-hacer-patricia-bullrich","status":"publish","type":"post","link":"https:\/\/portalmovil.com.ar\/index.php\/2023\/09\/01\/milei-la-gente-esta-muy-asustada-en-lo-que-pueda-hacer-patricia-bullrich\/","title":{"rendered":"Milei: \u00abLa gente est\u00e1 muy asustada en lo que pueda hacer\u00a0Patricia Bullrich\u00bb"},"content":{"rendered":"\n<p>El candidato a presidente de La Libertad Avanza,<strong>\u00a0Javier Milei<\/strong>, critic\u00f3 con dureza la confirmaci\u00f3n de\u00a0<strong>Carlos Melconian<\/strong>\u00a0como eventual ministro de Econom\u00eda de\u00a0<strong>Patricia Bullrich\u00a0<\/strong>. El libertario ningune\u00f3 al economista y se\u00f1al\u00f3 que los debates se dan \u201centre candidatos a presidente\u201d.<\/p>\n\n\n\n<p><strong>\u00abEsta es una discusi\u00f3n entre candidatos a presidente\u00bb<\/strong>, consider\u00f3 Milei sobre la presentaci\u00f3n de Melconian como referente econ\u00f3mico en Juntos por el Cambio y la posibilidad de mantener un debate entre ambos economistas.\u00a0<strong>\u201cLa candidata es Bullrich\u201d<\/strong>, insisti\u00f3.<\/p>\n\n\n\n<p>Tras las elecciones PASO,<strong>&nbsp;se acrecentaron las cr\u00edticas de Milei a la candidata a presidente de Juntos por el Cambio.<\/strong><\/p>\n\n\n\n<h2 class=\"wp-block-heading\">Qu\u00e9 dijo Milei tras la presentaci\u00f3n de Melconian como ministro de Econom\u00eda de Patricia Bullrich<\/h2>\n\n\n\n<p>\u00abYo entiendo que&nbsp;<strong>Bullrich est\u00e1 muy pobre en t\u00e9rminos econ\u00f3micos<\/strong>.&nbsp;Cometi\u00f3 errores graves y la gente est\u00e1 muy asustada en lo que pueda hacer ella en una situaci\u00f3n de gobierno&nbsp;porque demostr\u00f3 falencias groseras\u00bb, dispar\u00f3 Milei contra la candidata opositora en di\u00e1logo con Radio Rivadavia.<\/p>\n\n\n\n<p>Adem\u00e1s, el candidato de La Libertad Avanza sostuvo que Bullrich<strong>&nbsp;\u00abprimero mostr\u00f3 un equipo y ahora muestra otro\u00bb.<\/strong><\/p>\n","protected":false},"excerpt":{"rendered":"<p>El candidato a presidente de La Libertad Avanza,\u00a0Javier Milei, critic\u00f3 con dureza la confirmaci\u00f3n de\u00a0Carlos Melconian\u00a0como eventual ministro de Econom\u00eda de\u00a0Patricia Bullrich\u00a0. El libertario ningune\u00f3 al economista y se\u00f1al\u00f3 que los debates se dan \u201centre candidatos a presidente\u201d. \u00abEsta es una discusi\u00f3n entre candidatos a presidente\u00bb, consider\u00f3 Milei sobre la presentaci\u00f3n de Melconian como referente &hellip;<\/p>\n","protected":false},"author":2,"featured_media":82191,"comment_status":"open","ping_status":"open","sticky":false,"template":"","format":"standard","meta":{"_jetpack_memberships_contains_paid_content":false,"footnotes":"","jetpack_publicize_message":"","jetpack_publicize_feature_enabled":true,"jetpack_social_post_already_shared":true,"jetpack_social_options":{"image_generator_settings":{"template":"highway","default_image_id":0,"font":"","enabled":false},"version":2}},"categories":[639,14],"tags":[],"class_list":["post-82189","post","type-post","status-publish","format-standard","has-post-thumbnail","hentry","category-argentina","category-politica"],"jetpack_publicize_connections":[],"jetpack_featured_media_url":"https:\/\/portalmovil.com.ar\/wp-content\/uploads\/2023\/09\/760459-whatsapp-20image-202023-08-21-20at-2021-21-36.jpeg","jetpack_sharing_enabled":true,"amp_enabled":true,"_links":{"self":[{"href":"https:\/\/portalmovil.com.ar\/index.php\/wp-json\/wp\/v2\/posts\/82189","targetHints":{"allow":["GET"]}}],"collection":[{"href":"https:\/\/portalmovil.com.ar\/index.php\/wp-json\/wp\/v2\/posts"}],"about":[{"href":"https:\/\/portalmovil.com.ar\/index.php\/wp-json\/wp\/v2\/types\/post"}],"author":[{"embeddable":true,"href":"https:\/\/portalmovil.com.ar\/index.php\/wp-json\/wp\/v2\/users\/2"}],"replies":[{"embeddable":true,"href":"https:\/\/portalmovil.com.ar\/index.php\/wp-json\/wp\/v2\/comments?post=82189"}],"version-history":[{"count":1,"href":"https:\/\/portalmovil.com.ar\/index.php\/wp-json\/wp\/v2\/posts\/82189\/revisions"}],"predecessor-version":[{"id":82192,"href":"https:\/\/portalmovil.com.ar\/index.php\/wp-json\/wp\/v2\/posts\/82189\/revisions\/82192"}],"wp:featuredmedia":[{"embeddable":true,"href":"https:\/\/portalmovil.com.ar\/index.php\/wp-json\/wp\/v2\/media\/82191"}],"wp:attachment":[{"href":"https:\/\/portalmovil.com.ar\/index.php\/wp-json\/wp\/v2\/media?parent=82189"}],"wp:term":[{"taxonomy":"category","embeddable":true,"href":"https:\/\/portalmovil.com.ar\/index.php\/wp-json\/wp\/v2\/categories?post=82189"},{"taxonomy":"post_tag","embeddable":true,"href":"https:\/\/portalmovil.com.ar\/index.php\/wp-json\/wp\/v2\/tags?post=82189"}],"curies":[{"name":"wp","href":"https:\/\/api.w.org\/{rel}","templated":true}]}}