{"id":82178,"date":"2023-09-01T17:08:25","date_gmt":"2023-09-01T20:08:25","guid":{"rendered":"https:\/\/portalmovil.com.ar\/?p=82178"},"modified":"2023-09-01T17:08:27","modified_gmt":"2023-09-01T20:08:27","slug":"el-municipio-de-barranqueras-anuncio-aumento-salarial-para-los-trabajadores","status":"publish","type":"post","link":"https:\/\/portalmovil.com.ar\/index.php\/2023\/09\/01\/el-municipio-de-barranqueras-anuncio-aumento-salarial-para-los-trabajadores\/","title":{"rendered":"El Municipio de Barranqueras anunci\u00f3 aumento salarial para los trabajadores"},"content":{"rendered":"\n<p>\u201cEs constante el acompa\u00f1amiento que tenemos con nuestros trabajadores, escuchamos, comprendemos y vivimos la realidad junto a ellos. Por eso se hace un enorme esfuerzo que parte de una decisi\u00f3n pol\u00edtica de esta gesti\u00f3n de dignificar y darle el valor que cada uno se merece porque ellos son parte indispensable de esta transformaci\u00f3n sin precedentes que estamos llevando adelante en la ciudad\u201d, expres\u00f3 la intendente Magda Ayala.<\/p>\n\n\n\n<p>En consecuencia, comunic\u00f3 que se va a realizar \u201cuna nueva recomposici\u00f3n salarial del 20% que impactar\u00e1 en dos tramos, en los sueldos correspondientes al mes de agosto del 10%, y en septiembre el 10% restante. Alcanzando, as\u00ed, un 70% de incremento nominal y un 94% de incremento acumulativo en el a\u00f1o\u201d.<\/p>\n\n\n\n<p>Adem\u00e1s, se record\u00f3 que durante la primera quincena de este mes se va a concretar el segundo desembolso de la suma fija anunciada el pasado 17 de agosto, con motivo de ayudar a la familia municipal ante la dif\u00edcil situaci\u00f3n econ\u00f3mica.<\/p>\n\n\n\n<p>\u201cComo intendente, es un deber desde la responsabilidad, empat\u00eda, respeto y mucho amor poder priorizar a quienes desde las intervenciones en los barrios, la atenci\u00f3n en las oficinas, y desde el lugar que cada uno ocupa, nos permite seguir atendiendo a las demandas de los vecinos y poder llegar a cada rinc\u00f3n de Barranqueras con el principal objetivo de mejorar la calidad de vida de \u00e9sta gran familia que nos involucra a todos para seguir haciendo m\u00e1s por nuestra ciudad\u201d, finaliz\u00f3 la jefa comunal.<\/p>\n\n\n\n<figure class=\"wp-block-video\"><video height=\"864\" style=\"aspect-ratio: 480 \/ 864;\" width=\"480\" controls src=\"https:\/\/portalmovil.com.ar\/wp-content\/uploads\/2023\/09\/VID-20230901-WA0023.mp4\"><\/video><\/figure>\n","protected":false},"excerpt":{"rendered":"<p>\u201cEs constante el acompa\u00f1amiento que tenemos con nuestros trabajadores, escuchamos, comprendemos y vivimos la realidad junto a ellos. Por eso se hace un enorme esfuerzo que parte de una decisi\u00f3n pol\u00edtica de esta gesti\u00f3n de dignificar y darle el valor que cada uno se merece porque ellos son parte indispensable de esta transformaci\u00f3n sin precedentes &hellip;<\/p>\n","protected":false},"author":2,"featured_media":82180,"comment_status":"open","ping_status":"open","sticky":false,"template":"","format":"standard","meta":{"_jetpack_memberships_contains_paid_content":false,"footnotes":"","jetpack_publicize_message":"","jetpack_publicize_feature_enabled":true,"jetpack_social_post_already_shared":true,"jetpack_social_options":{"image_generator_settings":{"template":"highway","default_image_id":0,"font":"","enabled":false},"version":2}},"categories":[5,14],"tags":[],"class_list":["post-82178","post","type-post","status-publish","format-standard","has-post-thumbnail","hentry","category-chaco","category-politica"],"jetpack_publicize_connections":[],"jetpack_featured_media_url":"https:\/\/portalmovil.com.ar\/wp-content\/uploads\/2023\/09\/FB_IMG_1693598822481.jpg","jetpack_sharing_enabled":true,"amp_enabled":true,"_links":{"self":[{"href":"https:\/\/portalmovil.com.ar\/index.php\/wp-json\/wp\/v2\/posts\/82178","targetHints":{"allow":["GET"]}}],"collection":[{"href":"https:\/\/portalmovil.com.ar\/index.php\/wp-json\/wp\/v2\/posts"}],"about":[{"href":"https:\/\/portalmovil.com.ar\/index.php\/wp-json\/wp\/v2\/types\/post"}],"author":[{"embeddable":true,"href":"https:\/\/portalmovil.com.ar\/index.php\/wp-json\/wp\/v2\/users\/2"}],"replies":[{"embeddable":true,"href":"https:\/\/portalmovil.com.ar\/index.php\/wp-json\/wp\/v2\/comments?post=82178"}],"version-history":[{"count":1,"href":"https:\/\/portalmovil.com.ar\/index.php\/wp-json\/wp\/v2\/posts\/82178\/revisions"}],"predecessor-version":[{"id":82181,"href":"https:\/\/portalmovil.com.ar\/index.php\/wp-json\/wp\/v2\/posts\/82178\/revisions\/82181"}],"wp:featuredmedia":[{"embeddable":true,"href":"https:\/\/portalmovil.com.ar\/index.php\/wp-json\/wp\/v2\/media\/82180"}],"wp:attachment":[{"href":"https:\/\/portalmovil.com.ar\/index.php\/wp-json\/wp\/v2\/media?parent=82178"}],"wp:term":[{"taxonomy":"category","embeddable":true,"href":"https:\/\/portalmovil.com.ar\/index.php\/wp-json\/wp\/v2\/categories?post=82178"},{"taxonomy":"post_tag","embeddable":true,"href":"https:\/\/portalmovil.com.ar\/index.php\/wp-json\/wp\/v2\/tags?post=82178"}],"curies":[{"name":"wp","href":"https:\/\/api.w.org\/{rel}","templated":true}]}}