{"id":81832,"date":"2023-08-28T11:41:07","date_gmt":"2023-08-28T14:41:07","guid":{"rendered":"https:\/\/portalmovil.com.ar\/?p=81832"},"modified":"2023-08-28T11:44:29","modified_gmt":"2023-08-28T14:44:29","slug":"comenzo-el-juicio-contra-los-acusados-de-la-violacion-grupal-de-palermo-a-una-joven-en-el-2022","status":"publish","type":"post","link":"https:\/\/portalmovil.com.ar\/index.php\/2023\/08\/28\/comenzo-el-juicio-contra-los-acusados-de-la-violacion-grupal-de-palermo-a-una-joven-en-el-2022\/","title":{"rendered":"Comenz\u00f3 el juicio contra los acusados de la violaci\u00f3n grupal en Palermo a una joven en el 2022"},"content":{"rendered":"\n<p class=\"wp-block-paragraph\">Los imputados enfrentan una pena en expectativa de hasta 20 a\u00f1os de c\u00e1rcel como coautores del delito de \u201cabuso sexual agravado\u201d.<\/p>\n\n\n\n<p class=\"wp-block-paragraph\">El hecho ocurri\u00f3 el feriado de carnaval del 28 de febrero de 2022 en Serrano al 1.300, en la zona de Palermo Soho. En el interior de un Volkswagen Gol estacionado, varios sospechosos abusaron de una chica. Una panadera y su pareja vieron lo que ocurr\u00eda, se enfrentaron a los agresores sexuales y llamaron a la Polic\u00eda. Las claves del caso fueron los m\u00faltiples videos de c\u00e1maras de seguridad, el relato de la propia joven que dej\u00f3 en claro que nunca dio el consentimiento y el de los testigos que la auxiliaron.<\/p>\n\n\n\n<p class=\"wp-block-paragraph\">Son seis los detenidos que llegan acusados como coautores del delito de \u201cabuso sexual con acceso carnal agravado por la intervenci\u00f3n de dos o m\u00e1s personas\u201d al juicio que se desarrollar\u00e1 ante el Tribunal Oral en lo Criminal y Correccional N\u00b014 de la Capital Federal.<\/p>\n\n\n\n<p class=\"wp-block-paragraph\">A tratarse de un delito de instancia privada, el juicio ser\u00e1 a puertas cerradas. Adem\u00e1s de la audiencia de este lunes, est\u00e1 previsto que el debate se extienda durante siete jornadas: 1, 4, 11, 15, 18, 25 y 29 de septiembre. Y la declaraci\u00f3n de la v\u00edctima no tiene fecha fija, se har\u00e1 cuando ella est\u00e9 en condiciones, sin la presencia de los acusados e incluso, si es necesario, de manera remota.<\/p>\n","protected":false},"excerpt":{"rendered":"<p>Los imputados enfrentan una pena en expectativa de hasta 20 a\u00f1os de c\u00e1rcel como coautores del delito de \u201cabuso sexual agravado\u201d.<\/p>\n","protected":false},"author":6,"featured_media":81833,"comment_status":"open","ping_status":"open","sticky":false,"template":"","format":"standard","meta":{"_jetpack_newsletter_access":"","_jetpack_dont_email_post_to_subs":false,"_jetpack_newsletter_tier_id":0,"_jetpack_memberships_contains_paywalled_content":false,"_jetpack_feature_clip_id":0,"_jetpack_memberships_contains_paid_content":false,"footnotes":"","jetpack_publicize_message":"","jetpack_publicize_feature_enabled":true,"jetpack_social_post_already_shared":true,"jetpack_social_options":{"image_generator_settings":{"template":"highway","default_image_id":0,"font":"","enabled":false},"version":2},"jetpack_post_was_ever_published":false},"categories":[8],"tags":[],"class_list":["post-81832","post","type-post","status-publish","format-standard","has-post-thumbnail","hentry","category-policiales"],"jetpack_publicize_connections":[],"jetpack_sharing_enabled":true,"amp_enabled":true,"jetpack_featured_media_url":"https:\/\/portalmovil.com.ar\/wp-content\/uploads\/2023\/08\/Palermo.jpg","_links":{"self":[{"href":"https:\/\/portalmovil.com.ar\/index.php\/wp-json\/wp\/v2\/posts\/81832","targetHints":{"allow":["GET"]}}],"collection":[{"href":"https:\/\/portalmovil.com.ar\/index.php\/wp-json\/wp\/v2\/posts"}],"about":[{"href":"https:\/\/portalmovil.com.ar\/index.php\/wp-json\/wp\/v2\/types\/post"}],"author":[{"embeddable":true,"href":"https:\/\/portalmovil.com.ar\/index.php\/wp-json\/wp\/v2\/users\/6"}],"replies":[{"embeddable":true,"href":"https:\/\/portalmovil.com.ar\/index.php\/wp-json\/wp\/v2\/comments?post=81832"}],"version-history":[{"count":2,"href":"https:\/\/portalmovil.com.ar\/index.php\/wp-json\/wp\/v2\/posts\/81832\/revisions"}],"predecessor-version":[{"id":81836,"href":"https:\/\/portalmovil.com.ar\/index.php\/wp-json\/wp\/v2\/posts\/81832\/revisions\/81836"}],"wp:featuredmedia":[{"embeddable":true,"href":"https:\/\/portalmovil.com.ar\/index.php\/wp-json\/wp\/v2\/media\/81833"}],"wp:attachment":[{"href":"https:\/\/portalmovil.com.ar\/index.php\/wp-json\/wp\/v2\/media?parent=81832"}],"wp:term":[{"taxonomy":"category","embeddable":true,"href":"https:\/\/portalmovil.com.ar\/index.php\/wp-json\/wp\/v2\/categories?post=81832"},{"taxonomy":"post_tag","embeddable":true,"href":"https:\/\/portalmovil.com.ar\/index.php\/wp-json\/wp\/v2\/tags?post=81832"}],"curies":[{"name":"wp","href":"https:\/\/api.w.org\/{rel}","templated":true}]}}