{"id":81564,"date":"2023-08-23T20:00:54","date_gmt":"2023-08-23T23:00:54","guid":{"rendered":"https:\/\/portalmovil.com.ar\/?p=81564"},"modified":"2023-08-23T20:00:59","modified_gmt":"2023-08-23T23:00:59","slug":"ya-tiene-fecha-el-segundo-examen-de-graduacion-de-la-escuela-de-taekwondo-semillitas","status":"publish","type":"post","link":"https:\/\/portalmovil.com.ar\/index.php\/2023\/08\/23\/ya-tiene-fecha-el-segundo-examen-de-graduacion-de-la-escuela-de-taekwondo-semillitas\/","title":{"rendered":"Ya tiene fecha el segundo examen de graduaci\u00f3n de la Escuela de Taekwondo Semillitas"},"content":{"rendered":"\n<p>Se va desarrollar el segundo examen de graduaci\u00f3n de los alumnos de la \u201cEscuela de Taekwondo Semillitas\u201d, a partir de las 16 horas en las instalaciones de la Secretar\u00eda de las Personas con Discapacidad (avenida 9 de Julio 5370). Por lo que, se invita a la comunidad a participar de este gran evento.&nbsp;<\/p>\n\n\n\n<p>\u201cDesde que comenzaron las clases, en agosto del a\u00f1o pasado seguimos trabajando para el desarrollo de esta disciplina e incluso han participado recientemente en el Torneo Interprovincial en la localidad de La Leonesa obteniendo 15 medallas. El compromiso de nuestra intendente Magda Ayala, con la creaci\u00f3n de \u00e9sta Secretaria, es poder acompa\u00f1ar a las familias, e impulsar este tipo de actividades deportivas es parte de un desarrollo personal de nuestros atletas\u201d, destac\u00f3 Viviana Ayala, secretaria de las Personas con Discapacidad.&nbsp;<\/p>\n\n\n\n<p>En esta oportunidad, van a rendir alumnos avanzados para acceder al cinto amarillo (VIII Gup) y&nbsp; para cinto punta amarilla (IX Gup), alcanzando los objetivos propuestos desde el programa de ense\u00f1anzas aplicado. Tambi\u00e9n, se tomar\u00e1 el examen a Valentino Rossi, qui\u00e9n&nbsp; rinde para cinto rojo punta negra (I Gup) \u201cpara exponer las diferentes t\u00e9cnicas avanzadas de forma, defensa personal y rotura, que representa \u00e9ste cintur\u00f3n\u201d, expres\u00f3 el profesor a cargo V\u00edctor Fern\u00e1ndez.&nbsp;<\/p>\n\n\n\n<p>Adem\u00e1s del equipo municipal, se contar\u00e1 con la presencia de Hugo L\u00f3pez y Fidel L\u00f3pez, maestros VII Danes, y directores del Instituto Argentino de Taekwondo, del cual la Escuela depende.<\/p>\n","protected":false},"excerpt":{"rendered":"<p>Se va desarrollar el segundo examen de graduaci\u00f3n de los alumnos de la \u201cEscuela de Taekwondo Semillitas\u201d, a partir de las 16 horas en las instalaciones de la Secretar\u00eda de las Personas con Discapacidad (avenida 9 de Julio 5370). Por lo que, se invita a la comunidad a participar de este gran evento.&nbsp; \u201cDesde que &hellip;<\/p>\n","protected":false},"author":2,"featured_media":81565,"comment_status":"open","ping_status":"open","sticky":false,"template":"","format":"standard","meta":{"_jetpack_memberships_contains_paid_content":false,"footnotes":"","jetpack_publicize_message":"","jetpack_publicize_feature_enabled":true,"jetpack_social_post_already_shared":true,"jetpack_social_options":{"image_generator_settings":{"template":"highway","default_image_id":0,"font":"","enabled":false},"version":2}},"categories":[28],"tags":[],"class_list":["post-81564","post","type-post","status-publish","format-standard","has-post-thumbnail","hentry","category-actualidad"],"jetpack_publicize_connections":[],"jetpack_featured_media_url":"https:\/\/portalmovil.com.ar\/wp-content\/uploads\/2023\/08\/Invitacion-examen-de-graduacion-historia.webp","jetpack_sharing_enabled":true,"amp_enabled":true,"_links":{"self":[{"href":"https:\/\/portalmovil.com.ar\/index.php\/wp-json\/wp\/v2\/posts\/81564","targetHints":{"allow":["GET"]}}],"collection":[{"href":"https:\/\/portalmovil.com.ar\/index.php\/wp-json\/wp\/v2\/posts"}],"about":[{"href":"https:\/\/portalmovil.com.ar\/index.php\/wp-json\/wp\/v2\/types\/post"}],"author":[{"embeddable":true,"href":"https:\/\/portalmovil.com.ar\/index.php\/wp-json\/wp\/v2\/users\/2"}],"replies":[{"embeddable":true,"href":"https:\/\/portalmovil.com.ar\/index.php\/wp-json\/wp\/v2\/comments?post=81564"}],"version-history":[{"count":1,"href":"https:\/\/portalmovil.com.ar\/index.php\/wp-json\/wp\/v2\/posts\/81564\/revisions"}],"predecessor-version":[{"id":81566,"href":"https:\/\/portalmovil.com.ar\/index.php\/wp-json\/wp\/v2\/posts\/81564\/revisions\/81566"}],"wp:featuredmedia":[{"embeddable":true,"href":"https:\/\/portalmovil.com.ar\/index.php\/wp-json\/wp\/v2\/media\/81565"}],"wp:attachment":[{"href":"https:\/\/portalmovil.com.ar\/index.php\/wp-json\/wp\/v2\/media?parent=81564"}],"wp:term":[{"taxonomy":"category","embeddable":true,"href":"https:\/\/portalmovil.com.ar\/index.php\/wp-json\/wp\/v2\/categories?post=81564"},{"taxonomy":"post_tag","embeddable":true,"href":"https:\/\/portalmovil.com.ar\/index.php\/wp-json\/wp\/v2\/tags?post=81564"}],"curies":[{"name":"wp","href":"https:\/\/api.w.org\/{rel}","templated":true}]}}