{"id":8150,"date":"2020-06-24T12:41:15","date_gmt":"2020-06-24T15:41:15","guid":{"rendered":"http:\/\/portalmovil.com.ar\/?p=8150"},"modified":"2020-06-24T12:41:20","modified_gmt":"2020-06-24T15:41:20","slug":"denuncian-a-la-funcionaria-nacional-que-habria-contagiado-al-subcomisario-de-chaco","status":"publish","type":"post","link":"https:\/\/portalmovil.com.ar\/index.php\/2020\/06\/24\/denuncian-a-la-funcionaria-nacional-que-habria-contagiado-al-subcomisario-de-chaco\/","title":{"rendered":"Denuncian a la funcionaria nacional que habr\u00eda contagiado al subcomisario de Chaco"},"content":{"rendered":"\n<p>Este mi\u00e9rcoles, legisladores provinciales de la Uni\u00f3n C\u00edvica Radical (UCR) presentaron ante el fiscal federal Patricio&nbsp;Sabadini&nbsp;una denuncia penal contra la presidenta del Instituto Nacional de Asuntos&nbsp;Indigenas&nbsp;(INAI) Magdalena&nbsp;Odarda, indicando que ser\u00eda la posible responsable de los contagios de COVID-19 suscitados en la zona de El Impenetrable chaque\u00f1o, uno de los cuales correspondiente al subcomisario fallecido durante la tarde del \u00faltimo martes.&nbsp;<\/p>\n\n\n\n<p>La denuncia que tiene como remitentes a los diputados Alejandro Aradas, Roy&nbsp;Nikisch, y Livio Guti\u00e9rrez remarca la presunta comisi\u00f3n el delito \u201cde propagar una enfermedad peligrosa y contagiosa para las personas\u201d, lo que se da atendiendo a la visita de la funcionaria nacional el 6 de junio, en donde junto a un comit\u00e9 del gabinete provincial recorrieron la zona de El Sauzalito, dejando como saldo tres funcionarias provinciales contagiadas y los dos pilotos del avi\u00f3n sanitario, adem\u00e1s otras personas que acompa\u00f1aron el evento, como el oficial de Polic\u00eda&nbsp;Pogonza.&nbsp;<\/p>\n\n\n\n<p>\u201cEl 5 de junio del corriente a\u00f1o, la presidente del Instituto Nacional de Asuntos Ind\u00edgenas (INAI), Magdalena&nbsp;Odarda, lleg\u00f3 al Chaco y se reuni\u00f3 con el Sr. Gobernador Jorge&nbsp;Capitanich, el 6 viaj\u00f3 a El Sauzalito con la vicegobernadora, tres ministras, el titular de la C\u00e1mara de Diputados y una secretaria de Estado chaque\u00f1o; estuvo en la Provincia desde el 5 al 8 de junio inclusive y cuando regres\u00f3 a la ciudad de Buenos Aires, comenz\u00f3 a tener s\u00edntomas compatibles con covid19, la hisoparon y dio positivo\u201d, relata la denuncia presentada.&nbsp;<\/p>\n\n\n\n<p>En ese contexto, los denunciantes acuden a declaraciones p\u00fablicas de la subsecretaria de Salud Comunitaria de la provincia, Carolina Centeno, quien habr\u00eda indicado en un medio televisivo que la funcionaria nacional arrib\u00f3 al Chaco en momentos donde ten\u00eda casos confirmados en su equipo de trabajo, lo que presumir\u00eda un contacto estrecho que la ubica como principal foco de contagio.&nbsp;<\/p>\n\n\n\n<p>\u201cPodemos inferir que la misma deber\u00eda haber estado cumpliendo aislamiento en virtud de ser un contacto estrecho de personas positivas de COVID-19&#8243;, afirman los referentes radicales, y sostienen que es \u201cpresumiblemente la que lleva esta terrible enfermedad\u201d.&nbsp;<\/p>\n\n\n\n<p>\u201cAnte ello nos preguntamos \u00bfera urgente e imperioso que esta funcionaria realice dicha visita al Sauzalito?&#8230; mas a\u00fan teniendo colaboradores internados por coronavirus debi\u00f3 haberse representado la idea de haber sido contagiada y que dicha visita a una zona libre de coronavirus podr\u00eda convertirla en el vector que propaga la mortal enfermedad\u201d, manifestaron al cierre de su presentaci\u00f3n.&nbsp;<\/p>\n\n\n\n<p>Por tal manera, los denunciantes remarcan que el delito constituido ser\u00eda una violaci\u00f3n del Art\u00edculo 202 y concordantes del C\u00f3digo Penal de la Naci\u00f3n, dejando lugar a \u201clo que acertadamente esta fiscal\u00eda estime corresponder\u201d. Seg\u00fan precisaron, la denuncia ya estar\u00eda en manos del fiscal Patricio&nbsp;Sabadini.&nbsp;<\/p>\n","protected":false},"excerpt":{"rendered":"<p>Este mi\u00e9rcoles, legisladores provinciales de la Uni\u00f3n C\u00edvica Radical (UCR) presentaron ante el fiscal federal Patricio&nbsp;Sabadini&nbsp;una denuncia penal contra la presidenta del Instituto Nacional de Asuntos&nbsp;Indigenas&nbsp;(INAI) Magdalena&nbsp;Odarda, indicando que ser\u00eda la posible responsable de los contagios de COVID-19 suscitados en la zona de El Impenetrable chaque\u00f1o, uno de los cuales correspondiente al subcomisario fallecido durante &hellip;<\/p>\n","protected":false},"author":2,"featured_media":8151,"comment_status":"open","ping_status":"open","sticky":false,"template":"","format":"standard","meta":{"_jetpack_memberships_contains_paid_content":false,"footnotes":"","jetpack_publicize_message":"","jetpack_publicize_feature_enabled":true,"jetpack_social_post_already_shared":true,"jetpack_social_options":{"image_generator_settings":{"template":"highway","default_image_id":0,"font":"","enabled":false},"version":2}},"categories":[50,14],"tags":[],"class_list":["post-8150","post","type-post","status-publish","format-standard","has-post-thumbnail","hentry","category-judiciales","category-politica"],"jetpack_publicize_connections":[],"jetpack_featured_media_url":"https:\/\/portalmovil.com.ar\/wp-content\/uploads\/2020\/06\/el-impenetrable-chaque\u00f1o.jpg","jetpack_sharing_enabled":true,"amp_enabled":true,"_links":{"self":[{"href":"https:\/\/portalmovil.com.ar\/index.php\/wp-json\/wp\/v2\/posts\/8150","targetHints":{"allow":["GET"]}}],"collection":[{"href":"https:\/\/portalmovil.com.ar\/index.php\/wp-json\/wp\/v2\/posts"}],"about":[{"href":"https:\/\/portalmovil.com.ar\/index.php\/wp-json\/wp\/v2\/types\/post"}],"author":[{"embeddable":true,"href":"https:\/\/portalmovil.com.ar\/index.php\/wp-json\/wp\/v2\/users\/2"}],"replies":[{"embeddable":true,"href":"https:\/\/portalmovil.com.ar\/index.php\/wp-json\/wp\/v2\/comments?post=8150"}],"version-history":[{"count":1,"href":"https:\/\/portalmovil.com.ar\/index.php\/wp-json\/wp\/v2\/posts\/8150\/revisions"}],"predecessor-version":[{"id":8152,"href":"https:\/\/portalmovil.com.ar\/index.php\/wp-json\/wp\/v2\/posts\/8150\/revisions\/8152"}],"wp:featuredmedia":[{"embeddable":true,"href":"https:\/\/portalmovil.com.ar\/index.php\/wp-json\/wp\/v2\/media\/8151"}],"wp:attachment":[{"href":"https:\/\/portalmovil.com.ar\/index.php\/wp-json\/wp\/v2\/media?parent=8150"}],"wp:term":[{"taxonomy":"category","embeddable":true,"href":"https:\/\/portalmovil.com.ar\/index.php\/wp-json\/wp\/v2\/categories?post=8150"},{"taxonomy":"post_tag","embeddable":true,"href":"https:\/\/portalmovil.com.ar\/index.php\/wp-json\/wp\/v2\/tags?post=8150"}],"curies":[{"name":"wp","href":"https:\/\/api.w.org\/{rel}","templated":true}]}}