{"id":81408,"date":"2023-08-22T09:03:52","date_gmt":"2023-08-22T12:03:52","guid":{"rendered":"https:\/\/portalmovil.com.ar\/?p=81408"},"modified":"2023-08-22T09:03:55","modified_gmt":"2023-08-22T12:03:55","slug":"el-gobernador-inauguro-obras-en-la-capilla-santa-ines","status":"publish","type":"post","link":"https:\/\/portalmovil.com.ar\/index.php\/2023\/08\/22\/el-gobernador-inauguro-obras-en-la-capilla-santa-ines\/","title":{"rendered":"El gobernador inaugur\u00f3 obras en la Capilla Santa In\u00e9s"},"content":{"rendered":"\n<p>La obra, que consisti\u00f3 en la refacci\u00f3n integral del edificio, demand\u00f3 una inversi\u00f3n superior a los 43 millones de pesos con financiamiento provincial. Forma parte de un programa donde ya se han refaccionado integralmente m\u00faltiples capillas y parroquias como la Catedral, Sant\u00edsima Trinidad y Santa Rita, entre otras.<\/p>\n\n\n\n<p>El gobernador Jorge Capitanich junto al Padre Rafael del Blanco de la Parroquia Sant\u00edsima Trinidad, encabezaron esta tarde la inauguraci\u00f3n de las obras de refacci\u00f3n integral de la Capilla Santa In\u00e9s, ubicada en el barrio de Resistencia que lleva el mismo nombre. La obra demand\u00f3 una inversi\u00f3n de $43.788.698 con financiamiento del Ministerio de Planificaci\u00f3n, Econom\u00eda e Infraestructura. \u201cTenemos cerca de 88 intervenciones en infraestructura edilicia en templos, parroquias y capillas de distintos credos\u201d, subray\u00f3 el mandatario, quien estuvo acompa\u00f1ado del ministro de Gobierno Juan Manuel Chapo y el director de Culto Pedro Garc\u00eda.<\/p>\n\n\n\n<p>Asimismo, ratific\u00f3 el compromiso de la actual gesti\u00f3n para con cada uno de los credos que forman parte de la identidad pluri-religiosa del Chaco y destac\u00f3 \u201clo bueno que es tener una casa de oraci\u00f3n donde las personas puedan hermanarse\u201d. \u201cEsto forma parte de nuestras convicciones; en un mundo donde existe una enorme tendencia a disgregar a la sociedad y generar ate\u00edsmo en su m\u00e1s profunda concepci\u00f3n, qui\u00e9nes tenemos fe debemos actuar y hacer una irrestricta defensa de la misma\u201d, reflexion\u00f3.<\/p>\n\n\n\n<p>Los trabajos consistieron en la refacci\u00f3n integral del edificio que presentaba filtraciones pluviales significativas y gran deterioro de sus paredes. Se intervino as\u00ed el sector com\u00fan (Nave Central) para el desarrollo del oficio religioso, Presbiterio y Altar Mayor, el sector administrativo, la sacrist\u00eda, los sanitarios, la cocina y el sal\u00f3n para catequesis.<\/p>\n","protected":false},"excerpt":{"rendered":"<p>La obra, que consisti\u00f3 en la refacci\u00f3n integral del edificio, demand\u00f3 una inversi\u00f3n superior a los 43 millones de pesos con financiamiento provincial. <\/p>\n","protected":false},"author":6,"featured_media":81409,"comment_status":"open","ping_status":"open","sticky":false,"template":"","format":"standard","meta":{"_jetpack_memberships_contains_paid_content":false,"footnotes":"","jetpack_publicize_message":"","jetpack_publicize_feature_enabled":true,"jetpack_social_post_already_shared":true,"jetpack_social_options":{"image_generator_settings":{"template":"highway","default_image_id":0,"font":"","enabled":false},"version":2}},"categories":[14],"tags":[],"class_list":["post-81408","post","type-post","status-publish","format-standard","has-post-thumbnail","hentry","category-politica"],"jetpack_publicize_connections":[],"jetpack_featured_media_url":"https:\/\/portalmovil.com.ar\/wp-content\/uploads\/2023\/08\/capilla.jpeg","jetpack_sharing_enabled":true,"amp_enabled":true,"_links":{"self":[{"href":"https:\/\/portalmovil.com.ar\/index.php\/wp-json\/wp\/v2\/posts\/81408","targetHints":{"allow":["GET"]}}],"collection":[{"href":"https:\/\/portalmovil.com.ar\/index.php\/wp-json\/wp\/v2\/posts"}],"about":[{"href":"https:\/\/portalmovil.com.ar\/index.php\/wp-json\/wp\/v2\/types\/post"}],"author":[{"embeddable":true,"href":"https:\/\/portalmovil.com.ar\/index.php\/wp-json\/wp\/v2\/users\/6"}],"replies":[{"embeddable":true,"href":"https:\/\/portalmovil.com.ar\/index.php\/wp-json\/wp\/v2\/comments?post=81408"}],"version-history":[{"count":1,"href":"https:\/\/portalmovil.com.ar\/index.php\/wp-json\/wp\/v2\/posts\/81408\/revisions"}],"predecessor-version":[{"id":81410,"href":"https:\/\/portalmovil.com.ar\/index.php\/wp-json\/wp\/v2\/posts\/81408\/revisions\/81410"}],"wp:featuredmedia":[{"embeddable":true,"href":"https:\/\/portalmovil.com.ar\/index.php\/wp-json\/wp\/v2\/media\/81409"}],"wp:attachment":[{"href":"https:\/\/portalmovil.com.ar\/index.php\/wp-json\/wp\/v2\/media?parent=81408"}],"wp:term":[{"taxonomy":"category","embeddable":true,"href":"https:\/\/portalmovil.com.ar\/index.php\/wp-json\/wp\/v2\/categories?post=81408"},{"taxonomy":"post_tag","embeddable":true,"href":"https:\/\/portalmovil.com.ar\/index.php\/wp-json\/wp\/v2\/tags?post=81408"}],"curies":[{"name":"wp","href":"https:\/\/api.w.org\/{rel}","templated":true}]}}