{"id":81396,"date":"2023-08-22T08:07:51","date_gmt":"2023-08-22T11:07:51","guid":{"rendered":"https:\/\/portalmovil.com.ar\/?p=81396"},"modified":"2023-08-22T08:07:53","modified_gmt":"2023-08-22T11:07:53","slug":"el-gobierno-provincial-solicita-que-permanezcan-presos-los-asesinos-de-cecilia","status":"publish","type":"post","link":"https:\/\/portalmovil.com.ar\/index.php\/2023\/08\/22\/el-gobierno-provincial-solicita-que-permanezcan-presos-los-asesinos-de-cecilia\/","title":{"rendered":"El gobierno provincial solicita que permanezcan presos los asesinos de Cecilia"},"content":{"rendered":"\n<p>El Gobierno provincial, querellante en la causa que investiga el crimen de Cecilia Strzyzowski, ratific\u00f3 el pedido de mantenimiento de la prisi\u00f3n preventiva de todas y todos los acusados del hecho que se investiga. En v\u00edsperas de la jornada del martes 22, a las 11.30, en la que se espera el fallo del tribunal respecto de la situaci\u00f3n de las y los detenidos, el ministro de Gobierno Juan Manuel Chapo reiter\u00f3 la postura del Estado chaque\u00f1o e inform\u00f3 que \u201cla intenci\u00f3n es tambi\u00e9n que al b\u00e1rbaro crimen cometido se aplique para su juzgamiento la perspectiva de g\u00e9nero\u201d, destac\u00f3.<\/p>\n\n\n\n<p><br>El pasado viernes finalizaron las audiencias de apelaci\u00f3n a la prisi\u00f3n preventiva de C\u00e9sar Sena, imputado por el femicidio de su pareja Cecilia Strzyzowski, y de las acusadas y acusados por encubrimiento: Griselda Reinoso, Fabiana Gonz\u00e1lez, Gustavo Obreg\u00f3n y Gustavo Melgarejo. En dicha jornada, la doctora Nahir Barud, abogada querellante de la Secretar\u00eda de Derechos Humanos y G\u00e9neros de la provincia del Chaco, rechaz\u00f3 el pedido de prisi\u00f3n domiciliaria. En la jornada de este martes 22 se espera conocer el fallo de los jueces H\u00e9ctor Geijo, Ernesto Azcona y Daniela Meiri\u00f1o.<\/p>\n\n\n\n<p><br>\u201cJunto a la querella particular de la familia de Cecilia, nos encontramos durante las audiencias y trabajamos conjuntamente para mantener todas las prisiones preventivas. Ambas querellas expusimos y acreditamos m\u00faltiples fundamentos por lo que todas y todos los acusados deben continuar detenidos\u201d, se\u00f1al\u00f3 Barud.<\/p>\n\n\n\n<p><br>Hay que recordar que a los otros dos acusados: Emerenciano Sena y Marcela Acu\u00f1a, el Juzgado de Garant\u00edas N\u00ba 2 ya les deneg\u00f3 el pedido de prisi\u00f3n domiciliaria, con lo cual ambos continuar\u00e1n con la prisi\u00f3n preventiva.<\/p>\n\n\n\n<h2 class=\"wp-block-heading\">Juzgamiento con perspectiva de g\u00e9nero<\/h2>\n\n\n\n<p><br>\u201cEn representaci\u00f3n del Estado provincial, la doctora Nahir Barud, present\u00f3 alegatos en los cu\u00e1les abog\u00f3 por el mantenimiento de la prisi\u00f3n preventiva de todos los acusados por el horroroso episodio que se investiga\u201d, se\u00f1al\u00f3 Chapo.<\/p>\n\n\n\n<p><br>En la misma l\u00ednea, el funcionario resalt\u00f3 la postura del ejecutivo respecto de la causa. \u201cEl gobierno provincial, quiere dejar claramente expresado que, m\u00e1s all\u00e1 de esa instancia y el consecuente reclamo para que los imputados permanezcan encarcelados, tiene la intenci\u00f3n de reclamar que al b\u00e1rbaro crimen cometido se aplique para su juzgamiento la perspectiva de g\u00e9nero\u201d, destac\u00f3.<\/p>\n\n\n\n<p><br>Desde el Estado provincial, se reclama de esta forma \u201cque el caso de Cecilia no solamente tenga la justicia que todo el pueblo reclama, sino que adem\u00e1s se fije claramente la necesidad de profundizar en la defensa de los derechos de la mujer\u201d, argument\u00f3 Chapo.<\/p>\n\n\n\n<p><br>\u201cConfiamos en que la justicia alcanzar\u00e1 con todo su peso y rigor a los responsables de esta barbarie que nos paraliza como ciudadanos y ciudadanas y como Estado en su conjunto\u201d, finaliz\u00f3.<\/p>\n","protected":false},"excerpt":{"rendered":"<p>El Gobierno provincial, querellante en la causa que investiga el crimen de Cecilia Strzyzowski, ratific\u00f3 el pedido de mantenimiento de la prisi\u00f3n preventiva de todas y todos los acusados del hecho que se investiga. En v\u00edsperas de la jornada del martes 22, a las 11.30, en la que se espera el fallo del tribunal respecto &hellip;<\/p>\n","protected":false},"author":2,"featured_media":81397,"comment_status":"open","ping_status":"open","sticky":false,"template":"","format":"standard","meta":{"_jetpack_memberships_contains_paid_content":false,"footnotes":"","jetpack_publicize_message":"","jetpack_publicize_feature_enabled":true,"jetpack_social_post_already_shared":true,"jetpack_social_options":{"image_generator_settings":{"template":"highway","default_image_id":0,"font":"","enabled":false},"version":2}},"categories":[5,14],"tags":[],"class_list":["post-81396","post","type-post","status-publish","format-standard","has-post-thumbnail","hentry","category-chaco","category-politica"],"jetpack_publicize_connections":[],"jetpack_featured_media_url":"https:\/\/portalmovil.com.ar\/wp-content\/uploads\/2023\/08\/64e4899e560fe840086769.jpg","jetpack_sharing_enabled":true,"amp_enabled":true,"_links":{"self":[{"href":"https:\/\/portalmovil.com.ar\/index.php\/wp-json\/wp\/v2\/posts\/81396","targetHints":{"allow":["GET"]}}],"collection":[{"href":"https:\/\/portalmovil.com.ar\/index.php\/wp-json\/wp\/v2\/posts"}],"about":[{"href":"https:\/\/portalmovil.com.ar\/index.php\/wp-json\/wp\/v2\/types\/post"}],"author":[{"embeddable":true,"href":"https:\/\/portalmovil.com.ar\/index.php\/wp-json\/wp\/v2\/users\/2"}],"replies":[{"embeddable":true,"href":"https:\/\/portalmovil.com.ar\/index.php\/wp-json\/wp\/v2\/comments?post=81396"}],"version-history":[{"count":1,"href":"https:\/\/portalmovil.com.ar\/index.php\/wp-json\/wp\/v2\/posts\/81396\/revisions"}],"predecessor-version":[{"id":81398,"href":"https:\/\/portalmovil.com.ar\/index.php\/wp-json\/wp\/v2\/posts\/81396\/revisions\/81398"}],"wp:featuredmedia":[{"embeddable":true,"href":"https:\/\/portalmovil.com.ar\/index.php\/wp-json\/wp\/v2\/media\/81397"}],"wp:attachment":[{"href":"https:\/\/portalmovil.com.ar\/index.php\/wp-json\/wp\/v2\/media?parent=81396"}],"wp:term":[{"taxonomy":"category","embeddable":true,"href":"https:\/\/portalmovil.com.ar\/index.php\/wp-json\/wp\/v2\/categories?post=81396"},{"taxonomy":"post_tag","embeddable":true,"href":"https:\/\/portalmovil.com.ar\/index.php\/wp-json\/wp\/v2\/tags?post=81396"}],"curies":[{"name":"wp","href":"https:\/\/api.w.org\/{rel}","templated":true}]}}