{"id":81244,"date":"2023-08-18T19:42:18","date_gmt":"2023-08-18T22:42:18","guid":{"rendered":"https:\/\/portalmovil.com.ar\/?p=81244"},"modified":"2023-08-18T19:42:19","modified_gmt":"2023-08-18T22:42:19","slug":"barranqueras-celebra-a-la-ninez-con-una-gran-fiesta-en-la-plaza-sarmiento","status":"publish","type":"post","link":"https:\/\/portalmovil.com.ar\/index.php\/2023\/08\/18\/barranqueras-celebra-a-la-ninez-con-una-gran-fiesta-en-la-plaza-sarmiento\/","title":{"rendered":"Barranqueras celebra a la ni\u00f1ez con una gran fiesta en la Plaza Sarmiento"},"content":{"rendered":"\n<p>En la ciudad portuaria se festeja a lo grande el mes de las infancias. \u201cConstruir futuro es trabajar todos los d\u00edas por brindarles un mejor presente a nuestros ni\u00f1os, para nosotros esa es una de las tareas indispensables que nos impulsa a dar lo mejor\u201d, reflexion\u00f3 la intendente Magda Ayala. Quien invito a las familias a compartir una tarde incre\u00edble el pr\u00f3ximo domingo 20 de agosto a partir de las 16 horas en la Plaza Sarmiento (Fray Mocho 1001).<\/p>\n\n\n\n<p>Juegos, sorpresas, sorteos y m\u00e1s, son algunos de los momentos que tendr\u00e1n como protagonistas a los m\u00e1s peque\u00f1os. Es as\u00ed que la tarde dar\u00e1 inicio con sorteos, seguido por show de t\u00edteres a las 18 horas y al finalizar se compartir\u00e1 una rica merienda con chocolate y facturas. \u00a1Pero a\u00fan hay m\u00e1s!, a las 19 horas contin\u00faan los sorteos hasta llegar al gran cierre a las 20 horas con la presentaci\u00f3n de un show en vivo del grupo La Huella.<\/p>\n\n\n\n<p>\u201cLos esperamos a todos para disfrutar y regalar a cada uno de nuestros ni\u00f1os una tarde inolvidable\u201d, expres\u00f3 la jefa comunal adem\u00e1s de agradecer el acompa\u00f1amiento del Instituto de Cultura de la provincia y a todo el equipo que est\u00e1 trabajando en los detalle para vivir una gran fiesta el pr\u00f3ximo domingo.<\/p>\n","protected":false},"excerpt":{"rendered":"<p>En la ciudad portuaria se festeja a lo grande el mes de las infancias. \u201cConstruir futuro es trabajar todos los d\u00edas por brindarles un mejor presente a nuestros ni\u00f1os, para nosotros esa es una de las tareas indispensables que nos impulsa a dar lo mejor\u201d, reflexion\u00f3 la intendente Magda Ayala. Quien invito a las familias &hellip;<\/p>\n","protected":false},"author":2,"featured_media":81245,"comment_status":"open","ping_status":"open","sticky":false,"template":"","format":"standard","meta":{"_jetpack_memberships_contains_paid_content":false,"footnotes":"","jetpack_publicize_message":"","jetpack_publicize_feature_enabled":true,"jetpack_social_post_already_shared":true,"jetpack_social_options":{"image_generator_settings":{"template":"highway","default_image_id":0,"font":"","enabled":false},"version":2}},"categories":[3],"tags":[],"class_list":["post-81244","post","type-post","status-publish","format-standard","has-post-thumbnail","hentry","category-sociedad"],"jetpack_publicize_connections":[],"jetpack_featured_media_url":"https:\/\/portalmovil.com.ar\/wp-content\/uploads\/2023\/08\/DSC07629-01-scaled-1.webp","jetpack_sharing_enabled":true,"amp_enabled":true,"_links":{"self":[{"href":"https:\/\/portalmovil.com.ar\/index.php\/wp-json\/wp\/v2\/posts\/81244","targetHints":{"allow":["GET"]}}],"collection":[{"href":"https:\/\/portalmovil.com.ar\/index.php\/wp-json\/wp\/v2\/posts"}],"about":[{"href":"https:\/\/portalmovil.com.ar\/index.php\/wp-json\/wp\/v2\/types\/post"}],"author":[{"embeddable":true,"href":"https:\/\/portalmovil.com.ar\/index.php\/wp-json\/wp\/v2\/users\/2"}],"replies":[{"embeddable":true,"href":"https:\/\/portalmovil.com.ar\/index.php\/wp-json\/wp\/v2\/comments?post=81244"}],"version-history":[{"count":1,"href":"https:\/\/portalmovil.com.ar\/index.php\/wp-json\/wp\/v2\/posts\/81244\/revisions"}],"predecessor-version":[{"id":81246,"href":"https:\/\/portalmovil.com.ar\/index.php\/wp-json\/wp\/v2\/posts\/81244\/revisions\/81246"}],"wp:featuredmedia":[{"embeddable":true,"href":"https:\/\/portalmovil.com.ar\/index.php\/wp-json\/wp\/v2\/media\/81245"}],"wp:attachment":[{"href":"https:\/\/portalmovil.com.ar\/index.php\/wp-json\/wp\/v2\/media?parent=81244"}],"wp:term":[{"taxonomy":"category","embeddable":true,"href":"https:\/\/portalmovil.com.ar\/index.php\/wp-json\/wp\/v2\/categories?post=81244"},{"taxonomy":"post_tag","embeddable":true,"href":"https:\/\/portalmovil.com.ar\/index.php\/wp-json\/wp\/v2\/tags?post=81244"}],"curies":[{"name":"wp","href":"https:\/\/api.w.org\/{rel}","templated":true}]}}