{"id":81124,"date":"2023-08-17T12:39:02","date_gmt":"2023-08-17T15:39:02","guid":{"rendered":"https:\/\/portalmovil.com.ar\/?p=81124"},"modified":"2023-08-17T12:39:04","modified_gmt":"2023-08-17T15:39:04","slug":"capitanich-recorrio-las-obras-de-refaccion-el-centro-de-no-videntes-del-chaco-y-entrego-equipamiento","status":"publish","type":"post","link":"https:\/\/portalmovil.com.ar\/index.php\/2023\/08\/17\/capitanich-recorrio-las-obras-de-refaccion-el-centro-de-no-videntes-del-chaco-y-entrego-equipamiento\/","title":{"rendered":"Capitanich recorri\u00f3 las obras de refacci\u00f3n el Centro de No Videntes del Chaco y entreg\u00f3 equipamiento"},"content":{"rendered":"\n<p>El edificio del CENOVI contar\u00e1 con un albergue para atender las necesidades de las familias que concurran desde el interior. Se entregaron siete computadoras y equipamiento para la instituci\u00f3n.<\/p>\n\n\n\n<p>El gobernador Jorge Capitanich recorri\u00f3 este jueves la obra de refacci\u00f3n integral y ampliaci\u00f3n del edificio del Centro de No Videntes del Chaco (CENOVI) que permitir\u00e1 beneficiar a las familias y personas no videntes de nuestra provincia.<\/p>\n\n\n\n<p>\u201cEste es un largo anhelo de la comunidad, que contar\u00e1 con un albergue que atienda a las necesidades de este colectivo y permitir\u00e1 recibir a personas no videntes que concurran desde el interior o que nos visiten de otras provincias\u201d, dijo el gobernador.<\/p>\n\n\n\n<p>En la jornada tambi\u00e9n se concret\u00f3 la entrega de siete computadoras y equipamiento. El equipamiento fue adquirido a trav\u00e9s de una inversi\u00f3n aproximada de 6 millones de pesos y va a beneficiar para todas las tareas que desarrollan los asociados que concurren a esta instituci\u00f3n.<\/p>\n\n\n\n<p>Capitanich remarc\u00f3: \u201cVamos a seguir trabajando en conjunto para el desarrollo de pol\u00edticas p\u00fablicas que permitan mejorar la calidad de vida de las personas con discapacidad en nuestra provincia\u201d.<\/p>\n\n\n\n<p>Acompa\u00f1aron al gobernador el presidente del IPRODICH, Jos\u00e9 Lorenzo; directivos y comunidad del Centro de No Videntes del Chaco.<\/p>\n","protected":false},"excerpt":{"rendered":"<p>El edificio del CENOVI contar\u00e1 con un albergue para atender las necesidades de las familias que concurran desde el interior. Se entregaron siete computadoras y equipamiento para la instituci\u00f3n.<\/p>\n","protected":false},"author":6,"featured_media":81126,"comment_status":"open","ping_status":"open","sticky":false,"template":"","format":"standard","meta":{"_jetpack_memberships_contains_paid_content":false,"footnotes":"","jetpack_publicize_message":"","jetpack_publicize_feature_enabled":true,"jetpack_social_post_already_shared":true,"jetpack_social_options":{"image_generator_settings":{"template":"highway","default_image_id":0,"font":"","enabled":false},"version":2}},"categories":[14],"tags":[],"class_list":["post-81124","post","type-post","status-publish","format-standard","has-post-thumbnail","hentry","category-politica"],"jetpack_publicize_connections":[],"jetpack_featured_media_url":"https:\/\/portalmovil.com.ar\/wp-content\/uploads\/2023\/08\/capitanich-1.jpg","jetpack_sharing_enabled":true,"amp_enabled":true,"_links":{"self":[{"href":"https:\/\/portalmovil.com.ar\/index.php\/wp-json\/wp\/v2\/posts\/81124","targetHints":{"allow":["GET"]}}],"collection":[{"href":"https:\/\/portalmovil.com.ar\/index.php\/wp-json\/wp\/v2\/posts"}],"about":[{"href":"https:\/\/portalmovil.com.ar\/index.php\/wp-json\/wp\/v2\/types\/post"}],"author":[{"embeddable":true,"href":"https:\/\/portalmovil.com.ar\/index.php\/wp-json\/wp\/v2\/users\/6"}],"replies":[{"embeddable":true,"href":"https:\/\/portalmovil.com.ar\/index.php\/wp-json\/wp\/v2\/comments?post=81124"}],"version-history":[{"count":1,"href":"https:\/\/portalmovil.com.ar\/index.php\/wp-json\/wp\/v2\/posts\/81124\/revisions"}],"predecessor-version":[{"id":81127,"href":"https:\/\/portalmovil.com.ar\/index.php\/wp-json\/wp\/v2\/posts\/81124\/revisions\/81127"}],"wp:featuredmedia":[{"embeddable":true,"href":"https:\/\/portalmovil.com.ar\/index.php\/wp-json\/wp\/v2\/media\/81126"}],"wp:attachment":[{"href":"https:\/\/portalmovil.com.ar\/index.php\/wp-json\/wp\/v2\/media?parent=81124"}],"wp:term":[{"taxonomy":"category","embeddable":true,"href":"https:\/\/portalmovil.com.ar\/index.php\/wp-json\/wp\/v2\/categories?post=81124"},{"taxonomy":"post_tag","embeddable":true,"href":"https:\/\/portalmovil.com.ar\/index.php\/wp-json\/wp\/v2\/tags?post=81124"}],"curies":[{"name":"wp","href":"https:\/\/api.w.org\/{rel}","templated":true}]}}