{"id":81088,"date":"2023-08-17T09:34:49","date_gmt":"2023-08-17T12:34:49","guid":{"rendered":"https:\/\/portalmovil.com.ar\/?p=81088"},"modified":"2023-08-17T09:34:52","modified_gmt":"2023-08-17T12:34:52","slug":"femicidio-en-punta-del-este-una-chica-de-17-anos-fue-asesinada-y-enterrada-por-su-ex-novio","status":"publish","type":"post","link":"https:\/\/portalmovil.com.ar\/index.php\/2023\/08\/17\/femicidio-en-punta-del-este-una-chica-de-17-anos-fue-asesinada-y-enterrada-por-su-ex-novio\/","title":{"rendered":"Femicidio en Punta del Este: una chica de 17 a\u00f1os fue asesinada y enterrada por su ex novio"},"content":{"rendered":"\n<p>Valentina Cancela ten\u00eda 17 a\u00f1os y estaba desaparecida desde el martes en Punta del Este. Ayer, su familia recibi\u00f3 la peor noticia: su ex novio confes\u00f3 haberla matado y gui\u00f3 a los efectivos policiales al m\u00e9dano donde estaba el cuerpo semienterrado.<\/p>\n\n\n\n<p>Poco despu\u00e9s, la Jefatura de Polic\u00eda de Maldonado confirm\u00f3 que se trata del cuerpo de Valentina. \u201cAcabamos de encontrar el cuerpo de Valentina\u201d, expres\u00f3 el fiscal del caso, Jorge Vaz, en rueda de prensa y confirm\u00f3 que el ex novio de la chica colabor\u00f3 con las autoridades en indicar el lugar exacto en el que estaba enterrado.<\/p>\n\n\n\n<p>Liliana, la madre de la v\u00edctima, relat\u00f3 que el martes suele tener clase de ingl\u00e9s por la tarde, despu\u00e9s de la jornada escolar. \u00abHay d\u00edas que viene a almorzar a casa, a veces se compra un s\u00e1nguche y va a lo de una amiga\u00bb, coment\u00f3 la mujer. \u00abEsta vez, cuando llegu\u00e9 a casa, dije &#8216;Qu\u00e9 raro, no vino posiblemente se haya quedado en la casa de una compa\u00f1era'\u00bb.<\/p>\n\n\n\n<p>A las 14.55, seg\u00fan las declaraciones que recogi\u00f3 el diario El Pa\u00eds de Uruguay, comenz\u00f3 a llamarla al celular. Su hija no atend\u00eda. Volvi\u00f3 a intentar comunicarse con ella a las 15.30. Tampoco tuvo \u00e9xito. \u00abEn un momento sent\u00ed una opresi\u00f3n muy fuerte en el pecho, intuici\u00f3n de madre, y dije &#8216;algo anda mal'\u00bb, sigui\u00f3 Liliana, que radic\u00f3 la denuncia a las 18 del martes.<\/p>\n\n\n\n<p>El mi\u00e9rcoles a la ma\u00f1ana, el departamento de Maldonado empez\u00f3 una b\u00fasqueda desesperada de esta joven de 17 a\u00f1os. El d\u00eda anterior, Valentina iba a juntarse con su ex novio en la playa, con quien ten\u00eda una relaci\u00f3n turbulenta: lo hab\u00eda denunciado tres veces por violencia de g\u00e9nero y ten\u00eda una orden de restricci\u00f3n, seg\u00fan dijeron familiares al medio uruguayo Subrayado.<\/p>\n\n\n\n<p>La primera pista hab\u00eda sido el hallazgo de su mochila, enterrada cerca de la playa donde se la vio por \u00faltima vez. El jefe de Polic\u00eda de Maldonado, Erode Ruiz, en di\u00e1logo con la prensa, detall\u00f3 que la mochila se encontraba enterrada: \u201cHubo que hacer un pozo y taparlo, estaba enterrada a menos 20 cent\u00edmetros y hab\u00eda movimiento de arena en el lugar\u201d, declar\u00f3.<\/p>\n\n\n\n<p>El ex novio de la adolescente, sobre el que recae una medida de restricci\u00f3n, fue interrogado por la Fiscal\u00eda uruguaya y asegur\u00f3 que hab\u00eda conversado dos horas con Valentina y se retir\u00f3 solo del lugar.<\/p>\n\n\n\n<p>Horas m\u00e1s tarde, el joven confes\u00f3 la autor\u00eda del crimen, se\u00f1alaron los diarios uruguayos El Observador y El Pa\u00eds. Adem\u00e1s, se\u00f1al\u00f3 a las autoridades donde estaba el cad\u00e1ver de Valentina. El hallazgo se produjo en la parada 6 de la Playa Brava de Punta del Este.<\/p>\n","protected":false},"excerpt":{"rendered":"<p>Valentina Cancela ten\u00eda 17 a\u00f1os y estaba desaparecida desde el martes en Punta del Este. Ayer, su familia recibi\u00f3 la peor noticia: su ex novio confes\u00f3 haberla matado y gui\u00f3 a los efectivos policiales al m\u00e9dano donde estaba el cuerpo semienterrado.<\/p>\n","protected":false},"author":6,"featured_media":81090,"comment_status":"open","ping_status":"open","sticky":false,"template":"","format":"standard","meta":{"_jetpack_memberships_contains_paid_content":false,"footnotes":"","jetpack_publicize_message":"","jetpack_publicize_feature_enabled":true,"jetpack_social_post_already_shared":true,"jetpack_social_options":{"image_generator_settings":{"template":"highway","default_image_id":0,"font":"","enabled":false},"version":2}},"categories":[8],"tags":[],"class_list":["post-81088","post","type-post","status-publish","format-standard","has-post-thumbnail","hentry","category-policiales"],"jetpack_publicize_connections":[],"jetpack_featured_media_url":"https:\/\/portalmovil.com.ar\/wp-content\/uploads\/2023\/08\/valentina-cancela-sarmoria.webp","jetpack_sharing_enabled":true,"amp_enabled":true,"_links":{"self":[{"href":"https:\/\/portalmovil.com.ar\/index.php\/wp-json\/wp\/v2\/posts\/81088","targetHints":{"allow":["GET"]}}],"collection":[{"href":"https:\/\/portalmovil.com.ar\/index.php\/wp-json\/wp\/v2\/posts"}],"about":[{"href":"https:\/\/portalmovil.com.ar\/index.php\/wp-json\/wp\/v2\/types\/post"}],"author":[{"embeddable":true,"href":"https:\/\/portalmovil.com.ar\/index.php\/wp-json\/wp\/v2\/users\/6"}],"replies":[{"embeddable":true,"href":"https:\/\/portalmovil.com.ar\/index.php\/wp-json\/wp\/v2\/comments?post=81088"}],"version-history":[{"count":1,"href":"https:\/\/portalmovil.com.ar\/index.php\/wp-json\/wp\/v2\/posts\/81088\/revisions"}],"predecessor-version":[{"id":81091,"href":"https:\/\/portalmovil.com.ar\/index.php\/wp-json\/wp\/v2\/posts\/81088\/revisions\/81091"}],"wp:featuredmedia":[{"embeddable":true,"href":"https:\/\/portalmovil.com.ar\/index.php\/wp-json\/wp\/v2\/media\/81090"}],"wp:attachment":[{"href":"https:\/\/portalmovil.com.ar\/index.php\/wp-json\/wp\/v2\/media?parent=81088"}],"wp:term":[{"taxonomy":"category","embeddable":true,"href":"https:\/\/portalmovil.com.ar\/index.php\/wp-json\/wp\/v2\/categories?post=81088"},{"taxonomy":"post_tag","embeddable":true,"href":"https:\/\/portalmovil.com.ar\/index.php\/wp-json\/wp\/v2\/tags?post=81088"}],"curies":[{"name":"wp","href":"https:\/\/api.w.org\/{rel}","templated":true}]}}