{"id":80893,"date":"2023-08-14T04:17:00","date_gmt":"2023-08-14T07:17:00","guid":{"rendered":"https:\/\/portalmovil.com.ar\/?p=80893"},"modified":"2023-08-14T16:20:30","modified_gmt":"2023-08-14T19:20:30","slug":"anunciaron-la-vuelta-de-los-superdias-y-cuotas-sin-interes-con-tuya-por-el-mes-de-las-infancias","status":"publish","type":"post","link":"https:\/\/portalmovil.com.ar\/index.php\/2023\/08\/14\/anunciaron-la-vuelta-de-los-superdias-y-cuotas-sin-interes-con-tuya-por-el-mes-de-las-infancias\/","title":{"rendered":"Anunciaron la vuelta de los \u00abSuperd\u00edas\u00bb y cuotas sin inter\u00e9s con Tuya por el mes de las infancias"},"content":{"rendered":"\n<p>El gobernador Jorge Capitanich anunci\u00f3 este lunes, desde Barranqueras,\u00a0<strong>la vuelta del programa \u00abAhorr\u00e1 Chaco\u00bb por el Mes de las Infancias, con descuentos y beneficios a trav\u00e9s de la tarjeta TUYA<\/strong>\u00a0del Nuevo Banco del Chaco.<\/p>\n\n\n\n<p><strong>Del 15 al 20 de agosto las y los consumidores tendr\u00e1n un 40% de bonificaci\u00f3n y 4 cuotas sin inter\u00e9s<\/strong>&nbsp;(con tope de reintegro de 7 mil pesos) pagando con tarjeta TUYA en los rubros de indumentaria, jugueter\u00eda, librer\u00eda y papeler\u00eda, regaler\u00eda, marroquiner\u00eda, zapater\u00eda, \u00f3pticas, electr\u00f3nica y bicicleter\u00eda.<\/p>\n\n\n\n<p>Asimismo, el mandatario&nbsp;<strong>comunic\u00f3 el regreso de los S\u00faper D\u00edas de descuentos del 30% en farmacias y 50%<\/strong>&nbsp;en supermercados desde el martes 22 de agosto y hasta el 28 de septiembre.<\/p>\n","protected":false},"excerpt":{"rendered":"<p>El gobernador Jorge Capitanich anunci\u00f3 este lunes, desde Barranqueras,\u00a0la vuelta del programa \u00abAhorr\u00e1 Chaco\u00bb por el Mes de las Infancias, con descuentos y beneficios a trav\u00e9s de la tarjeta TUYA\u00a0del Nuevo Banco del Chaco. Del 15 al 20 de agosto las y los consumidores tendr\u00e1n un 40% de bonificaci\u00f3n y 4 cuotas sin inter\u00e9s&nbsp;(con tope &hellip;<\/p>\n","protected":false},"author":2,"featured_media":80894,"comment_status":"open","ping_status":"open","sticky":false,"template":"","format":"standard","meta":{"_jetpack_memberships_contains_paid_content":false,"footnotes":"","jetpack_publicize_message":"","jetpack_publicize_feature_enabled":true,"jetpack_social_post_already_shared":true,"jetpack_social_options":{"image_generator_settings":{"template":"highway","default_image_id":0,"font":"","enabled":false},"version":2}},"categories":[5,14,12],"tags":[],"class_list":["post-80893","post","type-post","status-publish","format-standard","has-post-thumbnail","hentry","category-chaco","category-politica","category-ultimo"],"jetpack_publicize_connections":[],"jetpack_featured_media_url":"https:\/\/portalmovil.com.ar\/wp-content\/uploads\/2023\/08\/FB_IMG_1692040710600.jpg","jetpack_sharing_enabled":true,"amp_enabled":true,"_links":{"self":[{"href":"https:\/\/portalmovil.com.ar\/index.php\/wp-json\/wp\/v2\/posts\/80893","targetHints":{"allow":["GET"]}}],"collection":[{"href":"https:\/\/portalmovil.com.ar\/index.php\/wp-json\/wp\/v2\/posts"}],"about":[{"href":"https:\/\/portalmovil.com.ar\/index.php\/wp-json\/wp\/v2\/types\/post"}],"author":[{"embeddable":true,"href":"https:\/\/portalmovil.com.ar\/index.php\/wp-json\/wp\/v2\/users\/2"}],"replies":[{"embeddable":true,"href":"https:\/\/portalmovil.com.ar\/index.php\/wp-json\/wp\/v2\/comments?post=80893"}],"version-history":[{"count":1,"href":"https:\/\/portalmovil.com.ar\/index.php\/wp-json\/wp\/v2\/posts\/80893\/revisions"}],"predecessor-version":[{"id":80895,"href":"https:\/\/portalmovil.com.ar\/index.php\/wp-json\/wp\/v2\/posts\/80893\/revisions\/80895"}],"wp:featuredmedia":[{"embeddable":true,"href":"https:\/\/portalmovil.com.ar\/index.php\/wp-json\/wp\/v2\/media\/80894"}],"wp:attachment":[{"href":"https:\/\/portalmovil.com.ar\/index.php\/wp-json\/wp\/v2\/media?parent=80893"}],"wp:term":[{"taxonomy":"category","embeddable":true,"href":"https:\/\/portalmovil.com.ar\/index.php\/wp-json\/wp\/v2\/categories?post=80893"},{"taxonomy":"post_tag","embeddable":true,"href":"https:\/\/portalmovil.com.ar\/index.php\/wp-json\/wp\/v2\/tags?post=80893"}],"curies":[{"name":"wp","href":"https:\/\/api.w.org\/{rel}","templated":true}]}}