{"id":80447,"date":"2023-08-07T04:30:00","date_gmt":"2023-08-07T07:30:00","guid":{"rendered":"https:\/\/portalmovil.com.ar\/?p=80447"},"modified":"2023-08-07T16:34:22","modified_gmt":"2023-08-07T19:34:22","slug":"entregaron-viviendas-a-familias-de-la-zona-sur-de-resistencia","status":"publish","type":"post","link":"https:\/\/portalmovil.com.ar\/index.php\/2023\/08\/07\/entregaron-viviendas-a-familias-de-la-zona-sur-de-resistencia\/","title":{"rendered":"Entregaron viviendas a familias de la Zona Sur de Resistencia"},"content":{"rendered":"\n<p>El gobernador inaugur\u00f3 este lunes siete nuevas casas para familias de Resistencia. El primer mandatario provincial dijo que \u00ab<strong>la meta es llegar a 780 soluciones habitacionales en el mes de agosto y 5.000 en 4 a\u00f1os de gesti\u00f3n mediante la generaci\u00f3n de trabajo con las organizaciones sociales<\/strong>\u00ab.<\/p>\n\n\n\n<figure class=\"wp-block-video\"><video height=\"288\" style=\"aspect-ratio: 640 \/ 288;\" width=\"640\" controls src=\"https:\/\/portalmovil.com.ar\/wp-content\/uploads\/2023\/08\/11.mp4\"><\/video><\/figure>\n\n\n\n<p><br>En este sentido, Capitanich dijo que \u00abconvertir planes sociales en trabajos dignos implica un cambio cultural y de paradigma que incluye desarrollo de cadenas de valor para generar nuevas oportunidades para muchas personas que de otro modo no podr\u00edan criar a sus hijos con salud, educaci\u00f3n y buena alimentaci\u00f3n.\u00bb<br>El gobernador expres\u00f3 que el compromiso de su gesti\u00f3n es el de \u00abconstruir con solidaridad y afianzando derechos\u00bb.\u00a0<\/p>\n","protected":false},"excerpt":{"rendered":"<p>El gobernador inaugur\u00f3 este lunes siete nuevas casas para familias de Resistencia. El primer mandatario provincial dijo que \u00abla meta es llegar a 780 soluciones habitacionales en el mes de agosto y 5.000 en 4 a\u00f1os de gesti\u00f3n mediante la generaci\u00f3n de trabajo con las organizaciones sociales\u00ab. En este sentido, Capitanich dijo que \u00abconvertir planes &hellip;<\/p>\n","protected":false},"author":2,"featured_media":80449,"comment_status":"open","ping_status":"open","sticky":false,"template":"","format":"standard","meta":{"_jetpack_memberships_contains_paid_content":false,"footnotes":"","jetpack_publicize_message":"","jetpack_publicize_feature_enabled":true,"jetpack_social_post_already_shared":true,"jetpack_social_options":{"image_generator_settings":{"template":"highway","default_image_id":0,"font":"","enabled":false},"version":2}},"categories":[5,14,12],"tags":[],"class_list":["post-80447","post","type-post","status-publish","format-standard","has-post-thumbnail","hentry","category-chaco","category-politica","category-ultimo"],"jetpack_publicize_connections":[],"jetpack_featured_media_url":"https:\/\/portalmovil.com.ar\/wp-content\/uploads\/2023\/08\/41ffb458-1f2b-4ac5-8448-c95e92e23da6.jpg","jetpack_sharing_enabled":true,"amp_enabled":true,"_links":{"self":[{"href":"https:\/\/portalmovil.com.ar\/index.php\/wp-json\/wp\/v2\/posts\/80447","targetHints":{"allow":["GET"]}}],"collection":[{"href":"https:\/\/portalmovil.com.ar\/index.php\/wp-json\/wp\/v2\/posts"}],"about":[{"href":"https:\/\/portalmovil.com.ar\/index.php\/wp-json\/wp\/v2\/types\/post"}],"author":[{"embeddable":true,"href":"https:\/\/portalmovil.com.ar\/index.php\/wp-json\/wp\/v2\/users\/2"}],"replies":[{"embeddable":true,"href":"https:\/\/portalmovil.com.ar\/index.php\/wp-json\/wp\/v2\/comments?post=80447"}],"version-history":[{"count":1,"href":"https:\/\/portalmovil.com.ar\/index.php\/wp-json\/wp\/v2\/posts\/80447\/revisions"}],"predecessor-version":[{"id":80450,"href":"https:\/\/portalmovil.com.ar\/index.php\/wp-json\/wp\/v2\/posts\/80447\/revisions\/80450"}],"wp:featuredmedia":[{"embeddable":true,"href":"https:\/\/portalmovil.com.ar\/index.php\/wp-json\/wp\/v2\/media\/80449"}],"wp:attachment":[{"href":"https:\/\/portalmovil.com.ar\/index.php\/wp-json\/wp\/v2\/media?parent=80447"}],"wp:term":[{"taxonomy":"category","embeddable":true,"href":"https:\/\/portalmovil.com.ar\/index.php\/wp-json\/wp\/v2\/categories?post=80447"},{"taxonomy":"post_tag","embeddable":true,"href":"https:\/\/portalmovil.com.ar\/index.php\/wp-json\/wp\/v2\/tags?post=80447"}],"curies":[{"name":"wp","href":"https:\/\/api.w.org\/{rel}","templated":true}]}}