{"id":80427,"date":"2023-08-07T12:22:24","date_gmt":"2023-08-07T15:22:24","guid":{"rendered":"https:\/\/portalmovil.com.ar\/?p=80427"},"modified":"2023-08-07T12:22:27","modified_gmt":"2023-08-07T15:22:27","slug":"corrientes-comienza-hoy-el-juicio-por-los-crimenes-de-lesa-humanidad-llevados-a-cabo-en-la-epoca-de-la-dictadura","status":"publish","type":"post","link":"https:\/\/portalmovil.com.ar\/index.php\/2023\/08\/07\/corrientes-comienza-hoy-el-juicio-por-los-crimenes-de-lesa-humanidad-llevados-a-cabo-en-la-epoca-de-la-dictadura\/","title":{"rendered":"Corrientes: comienza hoy el juicio por los cr\u00edmenes de lesa humanidad llevados a cabo en la \u00e9poca de la Dictadura"},"content":{"rendered":"\n<p>Ser\u00e1n juzgados por los delitos de asociaci\u00f3n il\u00edcita, privaci\u00f3n ileg\u00edtima de la libertad, aplicaci\u00f3n de tormentos y homicidios.<\/p>\n\n\n\n<p>El Tribunal Oral Federal (TOF) de Corrientes comenz\u00f3 a juzgar hoy a 10 exmilitares y exgendarmes por cr\u00edmenes de lesa humanidad cometidos contra m\u00e1s de 100 personas en la subzona militar 23, en el d\u00e9cimo juicio por delitos de este tipo que se realiza en la provincia y el de mayor cantidad de v\u00edctimas y acusados.<\/p>\n\n\n\n<p>En la zona del tribunal, referentes de diversas organizaciones de Derechos Humanos de Corrientes se concentraron para seguir el juicio y exigir \u00abjusticia y condena a los genocidas\u00bb.<\/p>\n\n\n\n<p>La manifestaci\u00f3n inclu\u00eda a v\u00edctimas y familiares y la presencia del Secretario de Derechos Humanos de la Naci\u00f3n, Horacio Pietragalla Corti.<\/p>\n\n\n\n<p>El referente de la Agrupaci\u00f3n HIJOS Daniel Cian dijo en di\u00e1logo con la prensa que los imputados \u00abocupaban cargos muy importantes, capitanes, tenientes y coroneles que estaban a cargo de las \u00f3rdenes represivas en todo el nordeste\u00bb.<\/p>\n\n\n\n<p>\u00abSomos muchos y vamos a estar acompa\u00f1ando a las v\u00edctimas el tiempo que dure el juicio\u00bb, indic\u00f3 el referente.<\/p>\n\n\n\n<p>El juicio abarca los cr\u00edmenes cometidos en jurisdicci\u00f3n de la Brigada de Infanter\u00eda VII, que ten\u00eda su sede en la ciudad de Corrientes y con responsabilidad sobre las provincias del noreste argentino, Chaco, Formosa, Misiones y parte de la propia Corrientes: los departamentos de San Cosme, San Luis del Palmar, Empedrado, Saladas, Bella Vista, Lavalle, Goya y Esquina.<\/p>\n\n\n\n<p>En la regi\u00f3n funcionaron varios centros clandestinos de detenci\u00f3n, uno de los m\u00e1s importantes estuvo en el Regimiento de Infanter\u00eda 9 (RI 9) de Corrientes, dependencia militar que llev\u00f3 adelante la represi\u00f3n en la provincia.<\/p>\n\n\n\n<p>Este es el d\u00e9cimo juicio por cr\u00edmenes de lesa humanidad que se realiza en la provincia y el de mayor cantidad de v\u00edctimas y de acusados.<\/p>\n","protected":false},"excerpt":{"rendered":"<p>Ser\u00e1n juzgados por los delitos de asociaci\u00f3n il\u00edcita, privaci\u00f3n ileg\u00edtima de la libertad, aplicaci\u00f3n de tormentos y homicidios.<\/p>\n","protected":false},"author":6,"featured_media":79926,"comment_status":"open","ping_status":"open","sticky":false,"template":"","format":"standard","meta":{"_jetpack_memberships_contains_paid_content":false,"footnotes":"","jetpack_publicize_message":"","jetpack_publicize_feature_enabled":true,"jetpack_social_post_already_shared":true,"jetpack_social_options":{"image_generator_settings":{"template":"highway","default_image_id":0,"font":"","enabled":false},"version":2}},"categories":[639,50],"tags":[],"class_list":["post-80427","post","type-post","status-publish","format-standard","has-post-thumbnail","hentry","category-argentina","category-judiciales"],"jetpack_publicize_connections":[],"jetpack_featured_media_url":"https:\/\/portalmovil.com.ar\/wp-content\/uploads\/2023\/07\/152035.1679666803.jpg_grande.jpg","jetpack_sharing_enabled":true,"amp_enabled":true,"_links":{"self":[{"href":"https:\/\/portalmovil.com.ar\/index.php\/wp-json\/wp\/v2\/posts\/80427","targetHints":{"allow":["GET"]}}],"collection":[{"href":"https:\/\/portalmovil.com.ar\/index.php\/wp-json\/wp\/v2\/posts"}],"about":[{"href":"https:\/\/portalmovil.com.ar\/index.php\/wp-json\/wp\/v2\/types\/post"}],"author":[{"embeddable":true,"href":"https:\/\/portalmovil.com.ar\/index.php\/wp-json\/wp\/v2\/users\/6"}],"replies":[{"embeddable":true,"href":"https:\/\/portalmovil.com.ar\/index.php\/wp-json\/wp\/v2\/comments?post=80427"}],"version-history":[{"count":1,"href":"https:\/\/portalmovil.com.ar\/index.php\/wp-json\/wp\/v2\/posts\/80427\/revisions"}],"predecessor-version":[{"id":80428,"href":"https:\/\/portalmovil.com.ar\/index.php\/wp-json\/wp\/v2\/posts\/80427\/revisions\/80428"}],"wp:featuredmedia":[{"embeddable":true,"href":"https:\/\/portalmovil.com.ar\/index.php\/wp-json\/wp\/v2\/media\/79926"}],"wp:attachment":[{"href":"https:\/\/portalmovil.com.ar\/index.php\/wp-json\/wp\/v2\/media?parent=80427"}],"wp:term":[{"taxonomy":"category","embeddable":true,"href":"https:\/\/portalmovil.com.ar\/index.php\/wp-json\/wp\/v2\/categories?post=80427"},{"taxonomy":"post_tag","embeddable":true,"href":"https:\/\/portalmovil.com.ar\/index.php\/wp-json\/wp\/v2\/tags?post=80427"}],"curies":[{"name":"wp","href":"https:\/\/api.w.org\/{rel}","templated":true}]}}