{"id":80329,"date":"2023-08-04T00:43:00","date_gmt":"2023-08-04T03:43:00","guid":{"rendered":"https:\/\/portalmovil.com.ar\/?p=80329"},"modified":"2023-08-04T12:47:39","modified_gmt":"2023-08-04T15:47:39","slug":"seguiran-detenidos-emerenciano-sena-y-marcela-acuna","status":"publish","type":"post","link":"https:\/\/portalmovil.com.ar\/index.php\/2023\/08\/04\/seguiran-detenidos-emerenciano-sena-y-marcela-acuna\/","title":{"rendered":"Seguir\u00e1n detenidos Emerenciano Sena y Marcela Acu\u00f1a"},"content":{"rendered":"\n<p>Luego de tres d\u00edas consecutivos de audiencia, el juez de Garant\u00edas&nbsp;<strong>H\u00e9ctor Horacio Sandoval<\/strong>&nbsp;ratific\u00f3 la prisi\u00f3n preventiva solicitada por el Equipo Fiscal Especial (EFE) el 29 de junio contra&nbsp;<strong>Emerenciano Sena<\/strong>&nbsp;y&nbsp;<strong>Marcela Acu\u00f1a<\/strong>, imputados como coautores del homicidio agravado de su nuera&nbsp;<strong>Cecilia Strzyzowski<\/strong>.<\/p>\n\n\n\n<p>Otro duro rev\u00e9s judicial para los dirigentes piqueteros que desde su detenci\u00f3n intentaron despegarse del hecho, tanto en sus declaraciones indagatorias como en los escritos que Marcela Acu\u00f1a entreg\u00f3 durante su detenci\u00f3n, responsabilizando de manera directa a su hijo&nbsp;<strong>C\u00e9sar Sena<\/strong>.<\/p>\n\n\n\n<p>Ahora, Sandoval tendr\u00e1 5 d\u00edas h\u00e1biles para emitir los fundamentos de su decisi\u00f3n que no quedar\u00e1 firme a\u00fan ya que&nbsp;<strong>tanto Ricardo Osuna como Roc\u00edo Ram\u00edrez tendr\u00e1n a su disposici\u00f3n el recurso de Casaci\u00f3n ante el Superior Tribunal de Justicia, dicho paso es la \u00faltima instancia de revisi\u00f3n a las preventivas.<\/strong><\/p>\n\n\n\n<p>Con la decisi\u00f3n del magistrado, en pocos d\u00edas la investigaci\u00f3n del EFE tuvo una doble validaci\u00f3n, ya que el mi\u00e9rcoles se desestim\u00f3 el pedido de nulidades respecto a la declaraci\u00f3n testimonial de C\u00e9sar Sena y su madre en la Comisar\u00eda Tercera el 8 de junio. Es as\u00ed que las casi 400 pruebas que refuerzan la hip\u00f3tesis de los fiscales siguen m\u00e1s que firme y que la situaci\u00f3n judicial de los imputados se ajusta a lo que consta en el expediente.<\/p>\n\n\n\n<p>Esto desestima las consideraciones de los Sena y sus dirigidos de que son \u00abpresos pol\u00edticos\u00bb. De hecho, a ra\u00edz de las pericias inform\u00e1ticas, esta semana se incorporaron nuevas pruebas que comprometen al matrimonio: en el caso de Emerenciano dando directivas a Gustavo Obreg\u00f3n en un supuesto lenguaje \u00aben c\u00f3digo\u00bb y m\u00e1s expl\u00edcita, Acu\u00f1a pasando fotos de la declaraci\u00f3n testimonial de su hijo para que Fabiana Gonz\u00e1lez la memorice y repita su versi\u00f3n.<\/p>\n\n\n\n<p>\u00bfCu\u00e1l sigue siendo la teor\u00eda del EFE? Que a fines de mayo de este a\u00f1o, C\u00e9sar Sena y sus padres idearon un plan para dar muerte a Cecilia Strzyzowski, aprovech\u00e1ndose la relaci\u00f3n \u00abdesigual de poder y dependencia econ\u00f3mica en la que se encontraba sometida\u00bb la v\u00edctima.<\/p>\n\n\n\n<p>A fin de ejecutar ese plan, creen los fiscales, enga\u00f1aron a Cecilia con un falso viaje a Tierra de Fuego por una oferta de trabajo. \u00abDe esta manera, el d\u00eda 2 de junio a las 09:16, C\u00e9sar ingres\u00f3 junto a Cecilia al interior del domicilio de sus padres, situado en calle Santa Mar\u00eda de Oro N\u00ba 1460, donde entre las 12:13 y 13:01 horas, Emerenciano Sena, Marcela Acu\u00f1a y C\u00e9sar Sena procedieron a dar muerte a Cecilia\u00bb, reconstruy\u00f3 la fiscal\u00eda en el dictado de las preventivas.<\/p>\n","protected":false},"excerpt":{"rendered":"<p>Luego de tres d\u00edas consecutivos de audiencia, el juez de Garant\u00edas&nbsp;H\u00e9ctor Horacio Sandoval&nbsp;ratific\u00f3 la prisi\u00f3n preventiva solicitada por el Equipo Fiscal Especial (EFE) el 29 de junio contra&nbsp;Emerenciano Sena&nbsp;y&nbsp;Marcela Acu\u00f1a, imputados como coautores del homicidio agravado de su nuera&nbsp;Cecilia Strzyzowski. Otro duro rev\u00e9s judicial para los dirigentes piqueteros que desde su detenci\u00f3n intentaron despegarse del &hellip;<\/p>\n","protected":false},"author":2,"featured_media":80330,"comment_status":"open","ping_status":"open","sticky":false,"template":"","format":"standard","meta":{"_jetpack_memberships_contains_paid_content":false,"footnotes":"","jetpack_publicize_message":"","jetpack_publicize_feature_enabled":true,"jetpack_social_post_already_shared":true,"jetpack_social_options":{"image_generator_settings":{"template":"highway","default_image_id":0,"font":"","enabled":false},"version":2}},"categories":[5,50,12],"tags":[],"class_list":["post-80329","post","type-post","status-publish","format-standard","has-post-thumbnail","hentry","category-chaco","category-judiciales","category-ultimo"],"jetpack_publicize_connections":[],"jetpack_featured_media_url":"https:\/\/portalmovil.com.ar\/wp-content\/uploads\/2023\/08\/Familia-Sena-2.webp","jetpack_sharing_enabled":true,"amp_enabled":true,"_links":{"self":[{"href":"https:\/\/portalmovil.com.ar\/index.php\/wp-json\/wp\/v2\/posts\/80329","targetHints":{"allow":["GET"]}}],"collection":[{"href":"https:\/\/portalmovil.com.ar\/index.php\/wp-json\/wp\/v2\/posts"}],"about":[{"href":"https:\/\/portalmovil.com.ar\/index.php\/wp-json\/wp\/v2\/types\/post"}],"author":[{"embeddable":true,"href":"https:\/\/portalmovil.com.ar\/index.php\/wp-json\/wp\/v2\/users\/2"}],"replies":[{"embeddable":true,"href":"https:\/\/portalmovil.com.ar\/index.php\/wp-json\/wp\/v2\/comments?post=80329"}],"version-history":[{"count":1,"href":"https:\/\/portalmovil.com.ar\/index.php\/wp-json\/wp\/v2\/posts\/80329\/revisions"}],"predecessor-version":[{"id":80331,"href":"https:\/\/portalmovil.com.ar\/index.php\/wp-json\/wp\/v2\/posts\/80329\/revisions\/80331"}],"wp:featuredmedia":[{"embeddable":true,"href":"https:\/\/portalmovil.com.ar\/index.php\/wp-json\/wp\/v2\/media\/80330"}],"wp:attachment":[{"href":"https:\/\/portalmovil.com.ar\/index.php\/wp-json\/wp\/v2\/media?parent=80329"}],"wp:term":[{"taxonomy":"category","embeddable":true,"href":"https:\/\/portalmovil.com.ar\/index.php\/wp-json\/wp\/v2\/categories?post=80329"},{"taxonomy":"post_tag","embeddable":true,"href":"https:\/\/portalmovil.com.ar\/index.php\/wp-json\/wp\/v2\/tags?post=80329"}],"curies":[{"name":"wp","href":"https:\/\/api.w.org\/{rel}","templated":true}]}}