{"id":80300,"date":"2023-08-04T10:26:34","date_gmt":"2023-08-04T13:26:34","guid":{"rendered":"https:\/\/portalmovil.com.ar\/?p=80300"},"modified":"2023-08-04T10:26:38","modified_gmt":"2023-08-04T13:26:38","slug":"martinez-y-la-mesa-tecnica-de-educacion-de-gestion-privada-fijaron-propuestas-para-las-instituciones","status":"publish","type":"post","link":"https:\/\/portalmovil.com.ar\/index.php\/2023\/08\/04\/martinez-y-la-mesa-tecnica-de-educacion-de-gestion-privada-fijaron-propuestas-para-las-instituciones\/","title":{"rendered":"Mart\u00ednez y la Mesa T\u00e9cnica de Educaci\u00f3n de Gesti\u00f3n Privada fijaron propuestas para las instituciones"},"content":{"rendered":"\n<p>El candidato a gobernador por el CER y su compa\u00f1era de f\u00f3rmula compartieron visiones y propuestas con la Mesa T\u00e9cnica de Educaci\u00f3n de Gesti\u00f3n Privada. \u00ab<strong>La construcci\u00f3n colectiva, la comprensi\u00f3n de la realidad que vive el sector y la escucha permanente para poner en valor el sistema educativo fueron las principales conclusiones del di\u00e1logo<\/strong>\u00ab, detallaron desde el equipo de comunicaci\u00f3n de Gustavo Mart\u00ednez.&nbsp;<\/p>\n\n\n\n<p>En el marco de los encuentros que lleva adelante con representantes de distintos sectores de la sociedad provincial, el intendente de Resistencia y candidato a gobernador por el frente CER expuso sus principales ideas ante los representantes de unas 250 instituciones educativas de toda la provincia.<\/p>\n\n\n\n<p>Tanto&nbsp;<strong>Gustavo Mart\u00ednez<\/strong>, como&nbsp;<strong>Viviam Polini<\/strong>, se dedicaron a escuchar las inquietudes que manifestaban quienes tienen el contacto directo con los alumnos. \u00ab<strong>Vamos a diagramar un trabajo de ac\u00e1 hacia adelante<\/strong>; porque entendemos que este es un proceso que, as\u00ed como nosotros construimos el espacio,&nbsp;<strong>construimos la alternativa que la sociedad com\u00fan nos plantea, tambi\u00e9n con las instituciones como estas tenemos que empezar a transitar un proceso que seguramente va a redituar en beneficio de los alumnos<\/strong>, que son la prioridad que tienen las escuelas\u00bb, sintetiz\u00f3 Viviam Polini.<\/p>\n\n\n\n<p>Seg\u00fan dijo, la din\u00e1mica apunta a \u00abdiagramar ese proceso sobre la base de la planificaci\u00f3n conjunta donde la Mesa T\u00e9cnica sea protagonista para que la construcci\u00f3n de las soluciones los tenga a ellos como parte del proceso y no fuera, que es lo que sienten\u00bb. \u00ab<strong>Hoy sabemos que tenemos deserci\u00f3n escolar, tenemos alumnos fuera de la escuela, tenemos que encontrar desde adentro qu\u00e9 es lo que tenemos que hacer para que esto no suceda; no con parches, sino a trav\u00e9s de un cambio estructural que implique un proceso con todos los protagonistas opinando y debatiendo\u00bb<\/strong>, remarc\u00f3.<\/p>\n\n\n\n<h2 class=\"wp-block-heading\">\u00abENTENDIMIENTO POSITIVO\u00bb<\/h2>\n\n\n\n<p><strong>Pablo Gruber<\/strong>, Representante legal de la UEP n\u00famero 1 y vocero del sector de las instituciones no subvencionadas en la mesa t\u00e9cnica se mostr\u00f3 satisfecho tras el encuentro y coment\u00f3: \u00abEstamos en una ronda con los principales candidatos para hacerles conocer nuestras inquietudes y, a su vez, escuchar de boca de ellos su pensamiento sobre la educaci\u00f3n en general y la educaci\u00f3n privada en particular\u00bb, precis\u00f3.<\/p>\n\n\n\n<p>Respecto del di\u00e1logo con la f\u00f3rmula CER, se\u00f1al\u00f3 que se trat\u00f3 de \u00abuna reuni\u00f3n provechosa\u00bb; destacando que \u00abtanto Gustavo como Viviam Polini son personas que conocen la problem\u00e1tica\u00bb; por lo que \u00abfue m\u00e1s f\u00e1cil terminar de comentarles y buscar cu\u00e1l puede ser alg\u00fan tipo de idea positiva ante alg\u00fan requerimiento puntual por parte de las instituciones privadas\u00bb.<\/p>\n\n\n\n<p>En el mismo tono se expres\u00f3&nbsp;<strong>Guido Henry Fuentes<\/strong>, representante legal de la UEP 61 Eben Ezer de Villa \u00c1ngela y de las escuelas evang\u00e9licas de la provincia. Seg\u00fan \u00e9l, se trata de \u00abun tema muy controversial porque el conflicto que tiene la escuela p\u00fablica, tambi\u00e9n lo tiene la escuela privada\u00bb. \u00abAgradecemos tambi\u00e9n a Gustavo y a su gente que nos pudo atender; y esperamos que pueda ser \u00fatil todo lo que charlamos\u00bb, finaliz\u00f3.<\/p>\n\n\n\n<p>La mesa t\u00e9cnica est\u00e1 conformada por representantes de escuelas Adventistas, Cat\u00f3licas, Evang\u00e9licas, Escuelas de la Familia Agr\u00edcola, escuelas de cuota cero, escuelas sin subvenci\u00f3n; entre otras.<\/p>\n","protected":false},"excerpt":{"rendered":"<p>El candidato a gobernador por el CER y su compa\u00f1era de f\u00f3rmula compartieron visiones y propuestas con la Mesa T\u00e9cnica de Educaci\u00f3n de Gesti\u00f3n Privada. \u00abLa construcci\u00f3n colectiva, la comprensi\u00f3n de la realidad que vive el sector y la escucha permanente para poner en valor el sistema educativo fueron las principales conclusiones del di\u00e1logo\u00ab, detallaron &hellip;<\/p>\n","protected":false},"author":2,"featured_media":80301,"comment_status":"open","ping_status":"open","sticky":false,"template":"","format":"standard","meta":{"_jetpack_memberships_contains_paid_content":false,"footnotes":"","jetpack_publicize_message":"","jetpack_publicize_feature_enabled":true,"jetpack_social_post_already_shared":true,"jetpack_social_options":{"image_generator_settings":{"template":"highway","default_image_id":0,"font":"","enabled":false},"version":2}},"categories":[14,37],"tags":[],"class_list":["post-80300","post","type-post","status-publish","format-standard","has-post-thumbnail","hentry","category-politica","category-resistencia"],"jetpack_publicize_connections":[],"jetpack_featured_media_url":"https:\/\/portalmovil.com.ar\/wp-content\/uploads\/2023\/08\/581715w790h528c.jpg.webp","jetpack_sharing_enabled":true,"amp_enabled":true,"_links":{"self":[{"href":"https:\/\/portalmovil.com.ar\/index.php\/wp-json\/wp\/v2\/posts\/80300","targetHints":{"allow":["GET"]}}],"collection":[{"href":"https:\/\/portalmovil.com.ar\/index.php\/wp-json\/wp\/v2\/posts"}],"about":[{"href":"https:\/\/portalmovil.com.ar\/index.php\/wp-json\/wp\/v2\/types\/post"}],"author":[{"embeddable":true,"href":"https:\/\/portalmovil.com.ar\/index.php\/wp-json\/wp\/v2\/users\/2"}],"replies":[{"embeddable":true,"href":"https:\/\/portalmovil.com.ar\/index.php\/wp-json\/wp\/v2\/comments?post=80300"}],"version-history":[{"count":1,"href":"https:\/\/portalmovil.com.ar\/index.php\/wp-json\/wp\/v2\/posts\/80300\/revisions"}],"predecessor-version":[{"id":80302,"href":"https:\/\/portalmovil.com.ar\/index.php\/wp-json\/wp\/v2\/posts\/80300\/revisions\/80302"}],"wp:featuredmedia":[{"embeddable":true,"href":"https:\/\/portalmovil.com.ar\/index.php\/wp-json\/wp\/v2\/media\/80301"}],"wp:attachment":[{"href":"https:\/\/portalmovil.com.ar\/index.php\/wp-json\/wp\/v2\/media?parent=80300"}],"wp:term":[{"taxonomy":"category","embeddable":true,"href":"https:\/\/portalmovil.com.ar\/index.php\/wp-json\/wp\/v2\/categories?post=80300"},{"taxonomy":"post_tag","embeddable":true,"href":"https:\/\/portalmovil.com.ar\/index.php\/wp-json\/wp\/v2\/tags?post=80300"}],"curies":[{"name":"wp","href":"https:\/\/api.w.org\/{rel}","templated":true}]}}