{"id":80127,"date":"2023-08-02T12:02:20","date_gmt":"2023-08-02T15:02:20","guid":{"rendered":"https:\/\/portalmovil.com.ar\/?p=80127"},"modified":"2023-08-02T12:07:08","modified_gmt":"2023-08-02T15:07:08","slug":"puntos-de-todos-continua-en-resistencia-y-puerto-tirol","status":"publish","type":"post","link":"https:\/\/portalmovil.com.ar\/index.php\/2023\/08\/02\/puntos-de-todos-continua-en-resistencia-y-puerto-tirol\/","title":{"rendered":"\u00abPuntos de Todos\u00bb contin\u00faa en Resistencia y Puerto Tirol"},"content":{"rendered":"\n<p>Este mi\u00e9rcoles estar\u00e1 en el barrio Mapic de Resistencia, el jueves 3 en el barrio 110 viviendas de Tirol y el viernes 4 en el Carpincho Macho.<\/p>\n\n\n\n<p>Desde este mi\u00e9rcoles 2 y hasta el viernes 4 se continuar\u00e1n ejecutando los operativos integrales del programa \u201cPunto de Todos: El Estado donde vos est\u00e1s\u201d, en distintos barrios de Resistencia y Puerto Tirol, con el objetivo de acercar los organismos del Estado a la comunidad. En las jornadas de 8 a 12, las personas interesadas podr\u00e1n realizar consultas de la Anses, servicios de agua, luz, vacunaci\u00f3n, entre otros tr\u00e1mites.<\/p>\n\n\n\n<p>Este mi\u00e9rcoles el programa se desarrollar\u00e1 en la canchita de f\u00fatbol del barrio MAPIC (Juana Azurduy y Rappazioli de Bernal) de Resistencia. En tanto, el jueves 3, los operativos se trasladar\u00e1n a la localidad de Puerto Tirol, en el Barrio 110 viviendas, en la Plaza Martiniano G\u00f3mez y por \u00faltimo, el viernes 4, tambi\u00e9n de 8 a 12, la jornada se realizar\u00e1 en el espacio verde del barrio Carpincho Macho de Resistencia.<\/p>\n\n\n\n<p>En cada uno de los operativos se podr\u00e1n realizar gestiones, tr\u00e1mites y consultas en los puntos de SECHEEP, SAMEEP, IPRODICH, ANSES y el Ministerio de Salud. Tambi\u00e9n, estar\u00e1 presente un punto de SUBE, uno de la Defensor\u00eda del Pueblo, del \u00e1rea de Modernizaci\u00f3n del Estado, de Defensa del Consumidor, de Derechos Humanos y Punto Violenta, Ambiente y Desarrollo Territorial Sostenible, el Programa Hogar e Incluir Salud.<\/p>\n\n\n\n<p>Adem\u00e1s, desde la Anses se podr\u00e1 consultar sobre el estado de tr\u00e1mites ya iniciados o requisitos para acceder a los distintos beneficios que ofrece el Estado Nacional a trav\u00e9s del ente. Podr\u00e1n hacerse tr\u00e1mites de Asignaciones familiares (por hijo, por hijo con discapacidad o por hijo para el personal de servicio dom\u00e9stico, por Embarazo, Prenatal, por Matrimonio, por Maternidad, por Nacimiento o Adopci\u00f3n).<\/p>\n\n\n\n<p>A partir de la gesti\u00f3n del Ministerio de Gobierno y el Registro Civil de la Provincia, en los operativos de DNI que se desarrollen en cada operativo, los primeros 60 n\u00fameros para confecci\u00f3n de las identificaciones ser\u00e1n gratuitos.<\/p>\n","protected":false},"excerpt":{"rendered":"<p>Este mi\u00e9rcoles estar\u00e1 en el barrio Mapic de Resistencia, el jueves 3 en el barrio 110 viviendas de Tirol y el viernes 4 en el Carpincho Macho.<\/p>\n","protected":false},"author":6,"featured_media":80139,"comment_status":"open","ping_status":"open","sticky":false,"template":"","format":"standard","meta":{"_jetpack_memberships_contains_paid_content":false,"footnotes":"","jetpack_publicize_message":"","jetpack_publicize_feature_enabled":true,"jetpack_social_post_already_shared":true,"jetpack_social_options":{"image_generator_settings":{"template":"highway","default_image_id":0,"font":"","enabled":false},"version":2}},"categories":[28,3],"tags":[],"class_list":["post-80127","post","type-post","status-publish","format-standard","has-post-thumbnail","hentry","category-actualidad","category-sociedad"],"jetpack_publicize_connections":[],"jetpack_featured_media_url":"https:\/\/portalmovil.com.ar\/wp-content\/uploads\/2023\/08\/\u00b4punto-de-todos.jpg","jetpack_sharing_enabled":true,"amp_enabled":true,"_links":{"self":[{"href":"https:\/\/portalmovil.com.ar\/index.php\/wp-json\/wp\/v2\/posts\/80127","targetHints":{"allow":["GET"]}}],"collection":[{"href":"https:\/\/portalmovil.com.ar\/index.php\/wp-json\/wp\/v2\/posts"}],"about":[{"href":"https:\/\/portalmovil.com.ar\/index.php\/wp-json\/wp\/v2\/types\/post"}],"author":[{"embeddable":true,"href":"https:\/\/portalmovil.com.ar\/index.php\/wp-json\/wp\/v2\/users\/6"}],"replies":[{"embeddable":true,"href":"https:\/\/portalmovil.com.ar\/index.php\/wp-json\/wp\/v2\/comments?post=80127"}],"version-history":[{"count":1,"href":"https:\/\/portalmovil.com.ar\/index.php\/wp-json\/wp\/v2\/posts\/80127\/revisions"}],"predecessor-version":[{"id":80136,"href":"https:\/\/portalmovil.com.ar\/index.php\/wp-json\/wp\/v2\/posts\/80127\/revisions\/80136"}],"wp:featuredmedia":[{"embeddable":true,"href":"https:\/\/portalmovil.com.ar\/index.php\/wp-json\/wp\/v2\/media\/80139"}],"wp:attachment":[{"href":"https:\/\/portalmovil.com.ar\/index.php\/wp-json\/wp\/v2\/media?parent=80127"}],"wp:term":[{"taxonomy":"category","embeddable":true,"href":"https:\/\/portalmovil.com.ar\/index.php\/wp-json\/wp\/v2\/categories?post=80127"},{"taxonomy":"post_tag","embeddable":true,"href":"https:\/\/portalmovil.com.ar\/index.php\/wp-json\/wp\/v2\/tags?post=80127"}],"curies":[{"name":"wp","href":"https:\/\/api.w.org\/{rel}","templated":true}]}}